{"id":30241,"date":"2022-06-17T10:09:57","date_gmt":"2022-06-17T08:09:57","guid":{"rendered":"https:\/\/www.nsa.smsm.lt\/old\/?p=30241"},"modified":"2022-06-20T10:55:10","modified_gmt":"2022-06-20T08:55:10","slug":"metodine-diena-savivaldybiu-tarpinstitucinio-bendradarbiavimo-koordinatoriams","status":"publish","type":"post","link":"https:\/\/www.nsa.smsm.lt\/old\/2022\/06\/17\/metodine-diena-savivaldybiu-tarpinstitucinio-bendradarbiavimo-koordinatoriams\/","title":{"rendered":"Metodin\u0117 diena savivaldybi\u0173 tarpinstitucinio bendradarbiavimo koordinatoriams"},"content":{"rendered":"<p>\u0160iandien Nacionalin\u0117je \u0161vietimo agent\u016broje vyko savivaldybi\u0173 tarpinstitucinio bendradarbiavimo koordinatoriams skirta metodin\u0117 diena. Renginio tikslas &#8211; pasidalinimas metodine informacija, diskusijos ir konsultacijos tarpinstitucinio bendradarbiavimo koordinatori\u0173 veikloje aktualiais klausimais. Metodin\u0117je dienoje prane\u0161im\u0105 apie psichikos sveikatos paslaug\u0173 kryptis ir naujoves skait\u0117 Sveikatos apsaugos ministro patar\u0117ja dr. Simona Bieli\u016bn\u0117, apie universaliojo dizaino reik\u0161m\u0119 \u012ftraukiojo ugdymo perspektyvoje papasakojo Nacionalin\u0117s \u0161vietimo agent\u016bros \u012etraukties pl\u0117tros skyriaus specialioji pedagog\u0117 Ana Pavilovi\u010d-Jan\u010dis, vaiko minimalios ir vidutin\u0117s priemon\u0117s vykdymo tendencijas ir \u012fgyvendinimo statistik\u0105 pristat\u0117 Nacionalin\u0117s \u0161vietimo agent\u016bros Vaiko emocin\u0117s gerov\u0117s skyriaus ved\u0117jo pavaduotojas Rytis \u0160iautkulis. Renginyje dalyvavo \u0160vietimo, mokslo ir sporto ministr\u0117s patar\u0117jas bendrojo (\u012ftraukiojo) ugdymo klausimais Ignas Gai\u017ei\u016bnas, \u0160vietimo, mokslo ir sporto ministerijos Bendrojo ugdymo departamento \u0160vietimo pagalbos skyriaus ved\u0117ja Gra\u017eina \u0160eibokien\u0117 ir to paties skyriaus\u00a0vyriausioji specialist\u0117 Daiva Vai\u0161norien\u0117.<\/p>\n<p>Tarpinstitucinio bendradarbiavimo koordinatori\u0173 pareigyb\u0117 yra\u00a0valstyb\u0117s\u00a0deleguota ir skirta kiekvienai\u00a0 savivaldybei, siekiant u\u017etikrinti efektyvius ugdymosi, socialini\u0173 ir sveikatos paslaug\u0173 teikimo vaikui ir \u0161eimai b\u016bdus, skland\u0173 komunikavim\u0105 tarp skirting\u0173 \u017einyb\u0173 ir \u012fstaig\u0173, pagalbos koordinavim\u0105. Pareigyb\u0117s veiklos srit\u012f apibr\u0117\u017eia Lietuvos Respublikos vaiko minimalios ir vidutin\u0117s prie\u017ei\u016bros \u012fstatymas. \u0160vietimo, mokslo ir sporto ministerija ir Nacionalin\u0117 \u0161vietimo agent\u016bra pagal \u0161\u012f \u012fstatym\u0105 yra \u012fpareigotos tarpinstitucinio bendradarbiavimo koordinatoriams teikti metodin\u0119 konsultacin\u0119 pagalb\u0105.<\/p>\n","protected":false},"excerpt":{"rendered":"<p>\u0160iandien Nacionalin\u0117je \u0161vietimo agent\u016broje vyko savivaldybi\u0173 tarpinstitucinio bendradarbiavimo koordinatoriams skirta metodin\u0117 diena. Renginio tikslas &#8211; pasidalinimas metodine informacija, diskusijos ir konsultacijos tarpinstitucinio bendradarbiavimo koordinatori\u0173 veikloje aktualiais klausimais. Metodin\u0117je dienoje prane\u0161im\u0105 apie psichikos sveikatos paslaug\u0173 kryptis ir naujoves skait\u0117 Sveikatos apsaugos&nbsp;<a href=\"https:\/\/www.nsa.smsm.lt\/old\/2022\/06\/17\/metodine-diena-savivaldybiu-tarpinstitucinio-bendradarbiavimo-koordinatoriams\/\" class=\"placiau\">Pla\u010diau <i class=\"fa fa-caret-right\"><\/i><\/a><\/p>\n","protected":false},"author":5,"featured_media":0,"comment_status":"open","ping_status":"open","sticky":false,"template":"","format":"standard","meta":{"_acf_changed":false,"footnotes":""},"categories":[1,17,21],"tags":[],"class_list":["post-30241","post","type-post","status-publish","format-standard","hentry","category-nacionalines-svietimo-agenturos-naujienos","category-renginiai","category-naujienu-archyvas"],"acf":[],"_links":{"self":[{"href":"https:\/\/www.nsa.smsm.lt\/old\/wp-json\/wp\/v2\/posts\/30241","targetHints":{"allow":["GET"]}}],"collection":[{"href":"https:\/\/www.nsa.smsm.lt\/old\/wp-json\/wp\/v2\/posts"}],"about":[{"href":"https:\/\/www.nsa.smsm.lt\/old\/wp-json\/wp\/v2\/types\/post"}],"author":[{"embeddable":true,"href":"https:\/\/www.nsa.smsm.lt\/old\/wp-json\/wp\/v2\/users\/5"}],"replies":[{"embeddable":true,"href":"https:\/\/www.nsa.smsm.lt\/old\/wp-json\/wp\/v2\/comments?post=30241"}],"version-history":[{"count":0,"href":"https:\/\/www.nsa.smsm.lt\/old\/wp-json\/wp\/v2\/posts\/30241\/revisions"}],"wp:attachment":[{"href":"https:\/\/www.nsa.smsm.lt\/old\/wp-json\/wp\/v2\/media?parent=30241"}],"wp:term":[{"taxonomy":"category","embeddable":true,"href":"https:\/\/www.nsa.smsm.lt\/old\/wp-json\/wp\/v2\/categories?post=30241"},{"taxonomy":"post_tag","embeddable":true,"href":"https:\/\/www.nsa.smsm.lt\/old\/wp-json\/wp\/v2\/tags?post=30241"}],"curies":[{"name":"wp","href":"https:\/\/api.w.org\/{rel}","templated":true}]}}