{"id":29918,"date":"2022-06-02T11:31:00","date_gmt":"2022-06-02T09:31:00","guid":{"rendered":"https:\/\/www.nsa.smsm.lt\/old\/?p=29918"},"modified":"2022-06-02T11:45:10","modified_gmt":"2022-06-02T09:45:10","slug":"konferencijoje-geroji-praktika-ugdant-specialiuju-ugdymosi-poreikiu-turincius-vaikus","status":"publish","type":"post","link":"https:\/\/www.nsa.smsm.lt\/old\/2022\/06\/02\/konferencijoje-geroji-praktika-ugdant-specialiuju-ugdymosi-poreikiu-turincius-vaikus\/","title":{"rendered":"Konferencijoje \u2013 geroji praktika ugdant speciali\u0173j\u0173 ugdymo(si) poreiki\u0173 turin\u010dius vaikus\u00a0"},"content":{"rendered":"<p>Bir\u017eelio 15 d., \u00a0Nacionalin\u0117 \u0161vietimo agent\u016bra kartu su Vilniaus \u201eVilties\u201c speciali\u0105ja mokykla-daugiafunkciniu centru organizuoja nuotolin\u0119 konferencij\u0105 \u201eMokom\u0117s ne mokyklai, o gyvenimui\u201c.<\/p>\n<p>Renginys skirtas bendrojo lavinimo mokykl\u0173 pedagogams, \u0161vietimo pagalbos specialistams bei \u0161vietimo \u012fstaig\u0173 vadovams.\u00a0\u00a0Konferencijos metu bus pristatytos ir aptartos gerosios darbo praktikos i\u0161 Lietuvos ir u\u017esienio \u0161ali\u0173 (Ukrainos, Lenkijos). Taip pat bus pamin\u0117tas Vilniaus \u201eVilties\u201c specialiosios mokyklos-daugiafunkcinio centro 30-metis.<\/p>\n<p>Norintys dalyvauti turi u\u017epildyti registracijos anket\u0105 iki bir\u017eelio 13 d., 17 val.\u00a0<a href=\"https:\/\/forms.office.com\/r\/WFcE6zyDfu\">https:\/\/forms.office.com\/r\/WFcE6zyDfu<\/a><\/p>\n<p><a href=\"https:\/\/www.nsa.smsm.lt\/old\/old\/wp-content\/uploads\/2022\/06\/Konferencijos-darbotvarke-1.pdf\">Konferencijos \u201eMokom\u0117s ne mokyklai, o gyvenimui\u201c programa\u00a0<\/a><\/p>\n<p>&nbsp;<\/p>\n<p>Daugiau informacijos: Ana Pavilovi\u010d-Jan\u010dis, tel. 8658 18190, el. p. <a href=\"mailto:ana.pavilovic-jancis@nsa.smm.lt\">ana.pavilovic-jancis@nsa.smm.lt<\/a><\/p>\n","protected":false},"excerpt":{"rendered":"<p>Bir\u017eelio 15 d., \u00a0Nacionalin\u0117 \u0161vietimo agent\u016bra kartu su Vilniaus \u201eVilties\u201c speciali\u0105ja mokykla-daugiafunkciniu centru organizuoja nuotolin\u0119 konferencij\u0105 \u201eMokom\u0117s ne mokyklai, o gyvenimui\u201c. Renginys skirtas bendrojo lavinimo mokykl\u0173 pedagogams, \u0161vietimo pagalbos specialistams bei \u0161vietimo \u012fstaig\u0173 vadovams.\u00a0\u00a0Konferencijos metu bus pristatytos ir aptartos gerosios&nbsp;<a href=\"https:\/\/www.nsa.smsm.lt\/old\/2022\/06\/02\/konferencijoje-geroji-praktika-ugdant-specialiuju-ugdymosi-poreikiu-turincius-vaikus\/\" class=\"placiau\">Pla\u010diau <i class=\"fa fa-caret-right\"><\/i><\/a><\/p>\n","protected":false},"author":5,"featured_media":0,"comment_status":"open","ping_status":"open","sticky":false,"template":"","format":"standard","meta":{"_acf_changed":false,"footnotes":""},"categories":[17,21],"tags":[],"class_list":["post-29918","post","type-post","status-publish","format-standard","hentry","category-renginiai","category-naujienu-archyvas"],"acf":[],"_links":{"self":[{"href":"https:\/\/www.nsa.smsm.lt\/old\/wp-json\/wp\/v2\/posts\/29918","targetHints":{"allow":["GET"]}}],"collection":[{"href":"https:\/\/www.nsa.smsm.lt\/old\/wp-json\/wp\/v2\/posts"}],"about":[{"href":"https:\/\/www.nsa.smsm.lt\/old\/wp-json\/wp\/v2\/types\/post"}],"author":[{"embeddable":true,"href":"https:\/\/www.nsa.smsm.lt\/old\/wp-json\/wp\/v2\/users\/5"}],"replies":[{"embeddable":true,"href":"https:\/\/www.nsa.smsm.lt\/old\/wp-json\/wp\/v2\/comments?post=29918"}],"version-history":[{"count":0,"href":"https:\/\/www.nsa.smsm.lt\/old\/wp-json\/wp\/v2\/posts\/29918\/revisions"}],"wp:attachment":[{"href":"https:\/\/www.nsa.smsm.lt\/old\/wp-json\/wp\/v2\/media?parent=29918"}],"wp:term":[{"taxonomy":"category","embeddable":true,"href":"https:\/\/www.nsa.smsm.lt\/old\/wp-json\/wp\/v2\/categories?post=29918"},{"taxonomy":"post_tag","embeddable":true,"href":"https:\/\/www.nsa.smsm.lt\/old\/wp-json\/wp\/v2\/tags?post=29918"}],"curies":[{"name":"wp","href":"https:\/\/api.w.org\/{rel}","templated":true}]}}