{"id":29796,"date":"2022-05-27T13:57:15","date_gmt":"2022-05-27T11:57:15","guid":{"rendered":"https:\/\/www.nsa.smsm.lt\/old\/?p=29796"},"modified":"2022-05-27T14:07:49","modified_gmt":"2022-05-27T12:07:49","slug":"viesoji-nuotoline-konsultacija-i-ka-reiketu-atkreipti-demesi-1-2-metus-dirbantiems-svietimo-istaigu-vadovams-darbo-teises-klausimais-6-dalis","status":"publish","type":"post","link":"https:\/\/www.nsa.smsm.lt\/old\/2022\/05\/27\/viesoji-nuotoline-konsultacija-i-ka-reiketu-atkreipti-demesi-1-2-metus-dirbantiems-svietimo-istaigu-vadovams-darbo-teises-klausimais-6-dalis\/","title":{"rendered":"Vie\u0161oji nuotolin\u0117 konsultacija \u201e\u012e k\u0105 reik\u0117t\u0173 atkreipti d\u0117mes\u012f 1-2 metus dirbantiems \u0161vietimo \u012fstaig\u0173 vadovams darbo teis\u0117s klausimais\u201c (6 dalis)\u00a0"},"content":{"rendered":"<p><span style=\"font-style: inherit; font-weight: inherit;\">Kvie\u010diame\u202f\u202f<strong>2022 m. bir\u017eelio\u202f\u202f9 d. 15 val.<\/strong>\u202fpirmus dvejus metus dirban\u010dius \u0161vietimo \u012fstaig\u0173 vadovus ir kitus \u0161vietimo \u012fstaig\u0173 vadovus \u012f susitikim\u0105\u202f\u202fsu Nacionalin\u0117s \u0161vietimo agent\u016bros savanoriu, lektoriumi, socialinio dialogo bei mediacijos specialistu Romu Turoniu diskutuoti darbo teis\u0117s klausimais.\u00a0<\/span><span style=\"font-style: inherit; font-weight: inherit;\">\u00a0<\/span><span style=\"font-style: inherit; font-weight: inherit;\">\u00a0<\/span><\/p>\n<p><span style=\"font-style: inherit; font-weight: inherit;\">Vie\u0161\u0105j\u0105 nuotolin\u0119 konsultacij\u0105 \u201e\u012e k\u0105 reik\u0117t\u0173 atkreipti d\u0117mes\u012f 1-2 metus dirbantiems \u0161vietimo \u012fstaig\u0173 vadovams darbo teis\u0117s klausimais\u201c (6 dalis)\u202forganizuoja \u0160vietimo pagalbos departamento Mokykl\u0173 veiklos pl\u0117tros skyrius.\u202f\u00a0<\/span><span style=\"font-style: inherit; font-weight: inherit;\">\u00a0<\/span><span style=\"font-style: inherit; font-weight: inherit;\">\u00a0<\/span><\/p>\n<p><span style=\"font-style: inherit; font-weight: inherit;\">Tikslas \u2013\u202f atkreipti dalyvi\u0173 d\u0117mes\u012f \u012f aktualiausius darbo teis\u0117s aktus \u0161vietimo \u012fstaigoje. \u202f\u00a0<\/span><span style=\"font-style: inherit; font-weight: inherit;\">\u00a0<\/span><span style=\"font-style: inherit; font-weight: inherit;\">\u00a0<\/span><\/p>\n<p><strong><span style=\"font-style: inherit; font-weight: inherit;\">Konsultacijos<\/span><\/strong><span style=\"font-style: inherit; font-weight: inherit;\">\u202f<strong>tema:<\/strong>\u202f<\/span><strong><span style=\"font-style: inherit; font-weight: inherit;\"> \u201eMokyklos vadovo ir darbuotoj\u0173 atstov\u0173 (darbo tarybos ar profesin\u0117s s\u0105jungos) bendravimo teisiniai aspektai. Mokslo met\u0173 u\u017ebaigimas:\u00a0ataskaitos, metiniai pokalbiai, konsultacijos\u201c.\u00a0<\/span><\/strong><\/p>\n<p><span style=\"font-style: inherit; font-weight: inherit;\">\u00a0<\/span><span style=\"font-style: inherit; font-weight: inherit;\">\u00a0<\/span><span style=\"font-style: inherit; font-weight: inherit;\"><br aria-hidden=\"true\" \/><strong>Registracija \u012f rengin\u012f b\u016btina.<\/strong>\u00a0Registracija\u00a0\u00a0<strong>iki bir\u017eelio 7 d. 11 val.<\/strong>\u00a0Registracijos nuoroda\u00a0<a href=\"https:\/\/forms.office.com\/r\/srARer5Ggr\" data-auth=\"NotApplicable\" data-linkindex=\"0\">https:\/\/forms.office.com\/r\/srARer5Ggr<\/a><\/span><\/p>\n<p>&nbsp;<\/p>\n<p>Konsultacija vyks nuotoliniu b\u016bdu Microsoft Teams aplinkoje. Nuoroda bus i\u0161si\u0173sta\u00a0<strong>tik<\/strong>\u00a0u\u017esiregistravusiems dalyviams dien\u0105 prie\u0161 rengin\u012f.<strong>\u202f Labai pra\u0161ome teisingai u\u017epildyti anket\u0105, ypatingai elektroninio pa\u0161to adres\u0105<\/strong>.<\/p>\n<p><span style=\"font-style: inherit; font-weight: inherit;\">\u00a0<\/span><\/p>\n<p><span style=\"font-style: inherit; font-weight: inherit;\">Informuojame, kad renginys bus \u012fra\u0161omas.\u00a0<\/span><\/p>\n<p><span style=\"font-style: inherit; font-weight: inherit;\">\u00a0<\/span><\/p>\n<p><span style=\"font-style: inherit; font-weight: inherit;\">Maloniai kvie\u010diame registruotis ir dalyvauti!\u202f<\/span><span style=\"font-style: inherit; font-weight: inherit;\">\u00a0<\/span><span style=\"font-style: inherit; font-weight: inherit;\">\u00a0<\/span><\/p>\n","protected":false},"excerpt":{"rendered":"<p>Kvie\u010diame\u202f\u202f2022 m. bir\u017eelio\u202f\u202f9 d. 15 val.\u202fpirmus dvejus metus dirban\u010dius \u0161vietimo \u012fstaig\u0173 vadovus ir kitus \u0161vietimo \u012fstaig\u0173 vadovus \u012f susitikim\u0105\u202f\u202fsu Nacionalin\u0117s \u0161vietimo agent\u016bros savanoriu, lektoriumi, socialinio dialogo bei mediacijos specialistu Romu Turoniu diskutuoti darbo teis\u0117s klausimais.\u00a0\u00a0\u00a0 Vie\u0161\u0105j\u0105 nuotolin\u0119 konsultacij\u0105 \u201e\u012e k\u0105&nbsp;<a href=\"https:\/\/www.nsa.smsm.lt\/old\/2022\/05\/27\/viesoji-nuotoline-konsultacija-i-ka-reiketu-atkreipti-demesi-1-2-metus-dirbantiems-svietimo-istaigu-vadovams-darbo-teises-klausimais-6-dalis\/\" class=\"placiau\">Pla\u010diau <i class=\"fa fa-caret-right\"><\/i><\/a><\/p>\n","protected":false},"author":5,"featured_media":0,"comment_status":"open","ping_status":"open","sticky":false,"template":"","format":"standard","meta":{"_acf_changed":false,"footnotes":""},"categories":[17,21],"tags":[],"class_list":["post-29796","post","type-post","status-publish","format-standard","hentry","category-renginiai","category-naujienu-archyvas"],"acf":[],"_links":{"self":[{"href":"https:\/\/www.nsa.smsm.lt\/old\/wp-json\/wp\/v2\/posts\/29796","targetHints":{"allow":["GET"]}}],"collection":[{"href":"https:\/\/www.nsa.smsm.lt\/old\/wp-json\/wp\/v2\/posts"}],"about":[{"href":"https:\/\/www.nsa.smsm.lt\/old\/wp-json\/wp\/v2\/types\/post"}],"author":[{"embeddable":true,"href":"https:\/\/www.nsa.smsm.lt\/old\/wp-json\/wp\/v2\/users\/5"}],"replies":[{"embeddable":true,"href":"https:\/\/www.nsa.smsm.lt\/old\/wp-json\/wp\/v2\/comments?post=29796"}],"version-history":[{"count":0,"href":"https:\/\/www.nsa.smsm.lt\/old\/wp-json\/wp\/v2\/posts\/29796\/revisions"}],"wp:attachment":[{"href":"https:\/\/www.nsa.smsm.lt\/old\/wp-json\/wp\/v2\/media?parent=29796"}],"wp:term":[{"taxonomy":"category","embeddable":true,"href":"https:\/\/www.nsa.smsm.lt\/old\/wp-json\/wp\/v2\/categories?post=29796"},{"taxonomy":"post_tag","embeddable":true,"href":"https:\/\/www.nsa.smsm.lt\/old\/wp-json\/wp\/v2\/tags?post=29796"}],"curies":[{"name":"wp","href":"https:\/\/api.w.org\/{rel}","templated":true}]}}