{"id":29647,"date":"2022-05-20T08:46:00","date_gmt":"2022-05-20T06:46:00","guid":{"rendered":"https:\/\/www.nsa.smsm.lt\/old\/?p=29647"},"modified":"2022-05-24T08:47:56","modified_gmt":"2022-05-24T06:47:56","slug":"europos-specialiojo-ir-inkliuzinio-ugdymo-pletros-agenturos-posedis-atenuose","status":"publish","type":"post","link":"https:\/\/www.nsa.smsm.lt\/old\/2022\/05\/20\/europos-specialiojo-ir-inkliuzinio-ugdymo-pletros-agenturos-posedis-atenuose\/","title":{"rendered":"Europos specialiojo ir inkliuzinio ugdymo pl\u0117tros agent\u016bros pos\u0117dis\u00a0At\u0117nuose"},"content":{"rendered":"<p>Gegu\u017e\u0117s 16\u201319 d. Nacionalin\u0117s \u0161vietimo agent\u016bros atstov\u0117 Lina Pala\u010dionien\u0117 dalyvavo Europos specialiojo ir inkliuzinio ugdymo pl\u0117tros agent\u016bros kasmetiniame darbiniame susitikime bei\u00a0 konferencijoje Agent\u016bros 25\u2013\u010diui pamin\u0117ti At\u0117nuose, atstovaujant Lietuv\u0105. Dalyvavo 31 \u0161ali\u0173\u00a0 nari\u0173 atstovai, buvo aptariami, pristatomi \u012ftraukiojo \u0161vietimo politikos formavimo, poky\u010di\u0173 \u012fgyvendinimo veiksniai bei \u0161vietimo politikos lygmenyje atsaking\u0173 institucij\u0173 pozicijos, bendradarbiavimo praktika. Kitas kasmetinis Agent\u016bros pos\u0117dis planuojamas ruden\u012f Bulgarijoje.<\/p>\n","protected":false},"excerpt":{"rendered":"<p>Gegu\u017e\u0117s 16\u201319 d. Nacionalin\u0117s \u0161vietimo agent\u016bros atstov\u0117 Lina Pala\u010dionien\u0117 dalyvavo Europos specialiojo ir inkliuzinio ugdymo pl\u0117tros agent\u016bros kasmetiniame darbiniame susitikime bei\u00a0 konferencijoje Agent\u016bros 25\u2013\u010diui pamin\u0117ti At\u0117nuose, atstovaujant Lietuv\u0105. Dalyvavo 31 \u0161ali\u0173\u00a0 nari\u0173 atstovai, buvo aptariami, pristatomi \u012ftraukiojo \u0161vietimo politikos formavimo,&nbsp;<a href=\"https:\/\/www.nsa.smsm.lt\/old\/2022\/05\/20\/europos-specialiojo-ir-inkliuzinio-ugdymo-pletros-agenturos-posedis-atenuose\/\" class=\"placiau\">Pla\u010diau <i class=\"fa fa-caret-right\"><\/i><\/a><\/p>\n","protected":false},"author":5,"featured_media":0,"comment_status":"open","ping_status":"open","sticky":false,"template":"","format":"standard","meta":{"_acf_changed":false,"footnotes":""},"categories":[1,21],"tags":[],"class_list":["post-29647","post","type-post","status-publish","format-standard","hentry","category-nacionalines-svietimo-agenturos-naujienos","category-naujienu-archyvas"],"acf":[],"_links":{"self":[{"href":"https:\/\/www.nsa.smsm.lt\/old\/wp-json\/wp\/v2\/posts\/29647","targetHints":{"allow":["GET"]}}],"collection":[{"href":"https:\/\/www.nsa.smsm.lt\/old\/wp-json\/wp\/v2\/posts"}],"about":[{"href":"https:\/\/www.nsa.smsm.lt\/old\/wp-json\/wp\/v2\/types\/post"}],"author":[{"embeddable":true,"href":"https:\/\/www.nsa.smsm.lt\/old\/wp-json\/wp\/v2\/users\/5"}],"replies":[{"embeddable":true,"href":"https:\/\/www.nsa.smsm.lt\/old\/wp-json\/wp\/v2\/comments?post=29647"}],"version-history":[{"count":0,"href":"https:\/\/www.nsa.smsm.lt\/old\/wp-json\/wp\/v2\/posts\/29647\/revisions"}],"wp:attachment":[{"href":"https:\/\/www.nsa.smsm.lt\/old\/wp-json\/wp\/v2\/media?parent=29647"}],"wp:term":[{"taxonomy":"category","embeddable":true,"href":"https:\/\/www.nsa.smsm.lt\/old\/wp-json\/wp\/v2\/categories?post=29647"},{"taxonomy":"post_tag","embeddable":true,"href":"https:\/\/www.nsa.smsm.lt\/old\/wp-json\/wp\/v2\/tags?post=29647"}],"curies":[{"name":"wp","href":"https:\/\/api.w.org\/{rel}","templated":true}]}}