{"id":29528,"date":"2022-05-18T11:54:54","date_gmt":"2022-05-18T09:54:54","guid":{"rendered":"https:\/\/www.nsa.smsm.lt\/old\/?p=29528"},"modified":"2022-05-18T13:01:07","modified_gmt":"2022-05-18T11:01:07","slug":"kvieciame-i-klimato-muziejaus-diskusija-klimato-krizes-svietimo-tema","status":"publish","type":"post","link":"https:\/\/www.nsa.smsm.lt\/old\/2022\/05\/18\/kvieciame-i-klimato-muziejaus-diskusija-klimato-krizes-svietimo-tema\/","title":{"rendered":"Diskusija \u201e\u0160vietimas klimato kaitos tema \u2013 ant popieriaus ir realyb\u0117je\u201c"},"content":{"rendered":"<p><img loading=\"lazy\" decoding=\"async\" class=\"alignnone wp-image-29529\" src=\"https:\/\/www.nsa.smsm.lt\/old\/old\/wp-content\/uploads\/2022\/05\/nuotrauka-300x169.jpg\" alt=\"\" width=\"626\" height=\"353\" srcset=\"https:\/\/www.nsa.smsm.lt\/old\/wp-content\/uploads\/2022\/05\/nuotrauka-300x169.jpg 300w, https:\/\/www.nsa.smsm.lt\/old\/wp-content\/uploads\/2022\/05\/nuotrauka-1024x575.jpg 1024w, https:\/\/www.nsa.smsm.lt\/old\/wp-content\/uploads\/2022\/05\/nuotrauka.jpg 1280w\" sizes=\"auto, (max-width: 626px) 100vw, 626px\" \/><\/p>\n<p>Gegu\u017e\u0117s 19 d., 19.00 val., Klimato muziejus, \u017daliosios politikos institutas ir\u00a0Active Youth Projects\u00a0 organizuoja diskusij\u0105 \u201e\u0160vietimas klimato kaitos tema \u2013 ant popieriaus ir realyb\u0117je\u201c. Renginys vyks Vilniaus Katedros aik\u0161t\u0117je, vidiniame Klimato muziejaus kiemelyje. Verslo, politikos, mokyklos bei t\u0117v\u0173 atstovai diskutuos apie aplinkosaugin\u012f \u0161vietim\u0105, jo problemas ir galimybes.<\/p>\n<p>Diskusijoje savo \u012f\u017evalgomis dalinsis keturi\u0173 sri\u010di\u0173 atstovai:<\/p>\n<p>Gamtos fotografas bei aplinkos ministro patar\u0117jas <strong>Marius \u010cepulis<\/strong>;<br \/>\nFizikos mokytojas bei aplinkosaugini\u0173 projekt\u0173 iniciatorius <strong>Mantas Pastolis<\/strong>;<br \/>\nLietuvos teatro, kino ir televizijos aktorius bei t\u0117tis, kuriam r\u016bpi, kokiame pasaulyje gyvens jo vaikai, <strong>Leonardas Pobedonoscevas<\/strong>;<br \/>\nTelia tvari\u0173 projekt\u0173 vadov\u0117 <strong>Indr\u0117 Bimbiryt\u0117-Yun<\/strong>.<\/p>\n<p>Diskusijos metu moderator\u0117 Rugil\u0117 Matusevi\u010di\u016bt\u0117 kartu su renginio sve\u010diais stengsis i\u0161siai\u0161kinti, kaip kiekvienas i\u0161 m\u016bs\u0173 galime lengviau bei kryptingiau keisti \u012fpro\u010dius, kurti aplink\u0105, kurioje gera gyventi ir savo pavyzd\u017eiu \u012fkv\u0117pti kitus.<\/p>\n<p>Keliaujant\u012f Klimato muziej\u0173 per Lietuv\u0105 lyd\u0117s Leonardas Pobedonoscevas. Projektas yra Europos klimato iniciatyvos dalis, kur\u012f koordinuoja asociacija \u201eAktyvus jaunimas\u201c drauge su partneriais \u201eLatvijas Dabas Fund\u201c.<\/p>\n<p>Renginio nuoroda: <a href=\"https:\/\/fb.me\/e\/3jYXPMFqL\">https:\/\/fb.me\/e\/3jYXPMFqL<\/a><\/p>\n","protected":false},"excerpt":{"rendered":"<p>Gegu\u017e\u0117s 19 d., 19.00 val., Klimato muziejus, \u017daliosios politikos institutas ir\u00a0Active Youth Projects\u00a0 organizuoja diskusij\u0105 \u201e\u0160vietimas klimato kaitos tema \u2013 ant popieriaus ir realyb\u0117je\u201c. Renginys vyks Vilniaus Katedros aik\u0161t\u0117je, vidiniame Klimato muziejaus kiemelyje. Verslo, politikos, mokyklos bei t\u0117v\u0173 atstovai diskutuos&nbsp;<a href=\"https:\/\/www.nsa.smsm.lt\/old\/2022\/05\/18\/kvieciame-i-klimato-muziejaus-diskusija-klimato-krizes-svietimo-tema\/\" class=\"placiau\">Pla\u010diau <i class=\"fa fa-caret-right\"><\/i><\/a><\/p>\n","protected":false},"author":5,"featured_media":0,"comment_status":"open","ping_status":"open","sticky":false,"template":"","format":"standard","meta":{"_acf_changed":false,"footnotes":""},"categories":[20,21],"tags":[],"class_list":["post-29528","post","type-post","status-publish","format-standard","hentry","category-kitos-naujienos","category-naujienu-archyvas"],"acf":[],"_links":{"self":[{"href":"https:\/\/www.nsa.smsm.lt\/old\/wp-json\/wp\/v2\/posts\/29528","targetHints":{"allow":["GET"]}}],"collection":[{"href":"https:\/\/www.nsa.smsm.lt\/old\/wp-json\/wp\/v2\/posts"}],"about":[{"href":"https:\/\/www.nsa.smsm.lt\/old\/wp-json\/wp\/v2\/types\/post"}],"author":[{"embeddable":true,"href":"https:\/\/www.nsa.smsm.lt\/old\/wp-json\/wp\/v2\/users\/5"}],"replies":[{"embeddable":true,"href":"https:\/\/www.nsa.smsm.lt\/old\/wp-json\/wp\/v2\/comments?post=29528"}],"version-history":[{"count":0,"href":"https:\/\/www.nsa.smsm.lt\/old\/wp-json\/wp\/v2\/posts\/29528\/revisions"}],"wp:attachment":[{"href":"https:\/\/www.nsa.smsm.lt\/old\/wp-json\/wp\/v2\/media?parent=29528"}],"wp:term":[{"taxonomy":"category","embeddable":true,"href":"https:\/\/www.nsa.smsm.lt\/old\/wp-json\/wp\/v2\/categories?post=29528"},{"taxonomy":"post_tag","embeddable":true,"href":"https:\/\/www.nsa.smsm.lt\/old\/wp-json\/wp\/v2\/tags?post=29528"}],"curies":[{"name":"wp","href":"https:\/\/api.w.org\/{rel}","templated":true}]}}