{"id":29494,"date":"2022-05-17T08:46:05","date_gmt":"2022-05-17T06:46:05","guid":{"rendered":"https:\/\/www.nsa.smsm.lt\/old\/?p=29494"},"modified":"2022-06-02T10:27:45","modified_gmt":"2022-06-02T08:27:45","slug":"29494","status":"publish","type":"post","link":"https:\/\/www.nsa.smsm.lt\/old\/2022\/05\/17\/29494\/","title":{"rendered":"VII Nacionalinis \u0161vietimo lyderyst\u0117s forumas \u201eUgdymo prasm\u0117 \u0161iandien\u201c"},"content":{"rendered":"<p>Bir\u017eelio 16 d., 10.00\u201316.30 val., Mokykl\u0173 tobulinimo centras, Primum Esse, \u0160iuolaikini\u0173 didaktik\u0173 centras organizuoja VII Nacionalin\u012f \u0161vietimo lyderyst\u0117s forum\u0105 \u201eUgdymo prasm\u0117 \u0161iandien\u201c. \u0160io forumo partneris \u2013 Vilniaus universiteto Filosofijos fakultetas.<\/p>\n<p><strong><em>Kas tur\u0117t\u0173 keistis ugdymo praktikoje, mokykl\u0173 gyvenime, \u0161vietimo politikos sprendimuose visaapiman\u010dio egzistencinio nerimo akivaizdoje?<\/em><\/strong><\/p>\n<p>\u0160io forumo tem\u0105 pasi\u016bl\u0117 pats laikmetis, kuomet susiduriame su egzistenciniais b\u016bties, prasm\u0117s, \u017emonijos ir demokratijos ateities klausimais, ver\u010dian\u010diais apm\u0105styti m\u016bs\u0173 kaip ugdytoj\u0173 laikysen\u0105, vertybes ir priimamus sprendimus. \u0160ie klausimai bus svarstomi kartu su Lietuvoje prieglobst\u012f nuo karo ir represij\u0173 radusiais Ukrainos ir Baltarusijos mokytojais ir mokiniais &#8211; Lietuvoje \u012fsik\u016brusios Charkivo mokyklos \u201eGravitacija\u201c ir j\u0105 pri\u0117musios mokyklos \u201eVarn\u0173 sala\u201c bendruomen\u0117s atstovais bei priva\u010dios mokyklos vadove Alena Savko.<\/p>\n<p>Apie pasikeitus\u012f pasaul\u012f ir tai, kas svarbu \u0161iandien, bus diskutuojama su \u0161vietimo ekspertais bei tyr\u0117jais<strong>\u00a0dr. Aurimu Juozai\u010diu, dr. Sandra Kaire, prof. Lilija Duobliene, Vytautu Toleikiu.<\/strong><\/p>\n<p><strong><a href=\"https:\/\/drive.google.com\/file\/d\/1UYLy6fPx5q32YGMu64JvD0NkwR0vcs6T\/view?usp=sharing\">Forumo programa<\/a><\/strong><\/p>\n<p>&nbsp;<\/p>\n<p>Daugiau informacijos apie rengin\u012f <a href=\"https:\/\/mtc.lt\/lt\/vii-nacionalinis-svietimo-lyderystes-forumas-ugdymo-prasme-siandien\">\u010dia<\/a><\/p>\n","protected":false},"excerpt":{"rendered":"<p>Bir\u017eelio 16 d., 10.00\u201316.30 val., Mokykl\u0173 tobulinimo centras, Primum Esse, \u0160iuolaikini\u0173 didaktik\u0173 centras organizuoja VII Nacionalin\u012f \u0161vietimo lyderyst\u0117s forum\u0105 \u201eUgdymo prasm\u0117 \u0161iandien\u201c. \u0160io forumo partneris \u2013 Vilniaus universiteto Filosofijos fakultetas. Kas tur\u0117t\u0173 keistis ugdymo praktikoje, mokykl\u0173 gyvenime, \u0161vietimo politikos sprendimuose&nbsp;<a href=\"https:\/\/www.nsa.smsm.lt\/old\/2022\/05\/17\/29494\/\" class=\"placiau\">Pla\u010diau <i class=\"fa fa-caret-right\"><\/i><\/a><\/p>\n","protected":false},"author":5,"featured_media":0,"comment_status":"open","ping_status":"open","sticky":false,"template":"","format":"standard","meta":{"_acf_changed":false,"footnotes":""},"categories":[20,21],"tags":[],"class_list":["post-29494","post","type-post","status-publish","format-standard","hentry","category-kitos-naujienos","category-naujienu-archyvas"],"acf":[],"_links":{"self":[{"href":"https:\/\/www.nsa.smsm.lt\/old\/wp-json\/wp\/v2\/posts\/29494","targetHints":{"allow":["GET"]}}],"collection":[{"href":"https:\/\/www.nsa.smsm.lt\/old\/wp-json\/wp\/v2\/posts"}],"about":[{"href":"https:\/\/www.nsa.smsm.lt\/old\/wp-json\/wp\/v2\/types\/post"}],"author":[{"embeddable":true,"href":"https:\/\/www.nsa.smsm.lt\/old\/wp-json\/wp\/v2\/users\/5"}],"replies":[{"embeddable":true,"href":"https:\/\/www.nsa.smsm.lt\/old\/wp-json\/wp\/v2\/comments?post=29494"}],"version-history":[{"count":0,"href":"https:\/\/www.nsa.smsm.lt\/old\/wp-json\/wp\/v2\/posts\/29494\/revisions"}],"wp:attachment":[{"href":"https:\/\/www.nsa.smsm.lt\/old\/wp-json\/wp\/v2\/media?parent=29494"}],"wp:term":[{"taxonomy":"category","embeddable":true,"href":"https:\/\/www.nsa.smsm.lt\/old\/wp-json\/wp\/v2\/categories?post=29494"},{"taxonomy":"post_tag","embeddable":true,"href":"https:\/\/www.nsa.smsm.lt\/old\/wp-json\/wp\/v2\/tags?post=29494"}],"curies":[{"name":"wp","href":"https:\/\/api.w.org\/{rel}","templated":true}]}}