{"id":29311,"date":"2022-04-29T09:49:35","date_gmt":"2022-04-29T07:49:35","guid":{"rendered":"https:\/\/www.nsa.smsm.lt\/old\/?p=29311"},"modified":"2022-04-29T09:50:14","modified_gmt":"2022-04-29T07:50:14","slug":"kokybiniu-pedagogu-kvalifikacijos-tobulinimo-stebesenos-rodikliu-paieska","status":"publish","type":"post","link":"https:\/\/www.nsa.smsm.lt\/old\/2022\/04\/29\/kokybiniu-pedagogu-kvalifikacijos-tobulinimo-stebesenos-rodikliu-paieska\/","title":{"rendered":"Kokybini\u0173 pedagog\u0173 kvalifikacijos tobulinimo steb\u0117senos rodikli\u0173 paie\u0161ka"},"content":{"rendered":"<p>Nacionalin\u0117s \u0161vietimo agent\u016bros \u0160vietimo pagalbos departamento Mokykl\u0173 veiklos pl\u0117tros skyriaus darbuotojai, stiprindami bendradarbiavim\u0105 su pedagog\u0173 rengimo centrais, akredituotomis pedagog\u0173 kvalifikacijos tobulinimo institucijomis ir savivaldybi\u0173 administracij\u0173 \u0161vietimo padaliniais, baland\u017eio 28\u00a0dien\u0105 sureng\u0117 nuotolin\u0119 diskusij\u0105 \u201eKokybini\u0173 pedagog\u0173 kvalifikacijos tobulinimo steb\u0117senos rodikli\u0173 paie\u0161ka\u201c.<\/p>\n<p>Skyriaus metodinink\u0117s, Meil\u0117 \u010ceponien\u0117, Giedr\u0117 \u010ciapien\u0117 ir Regina \u017dukien\u0117, remdamosi kasmetiniais bendrojo ugdymo mokykl\u0173 \u012fsivertinimo ir pa\u017eangos duomenimis, pristat\u0117, kokias kompetencijas pernai daugiausiai tobulino Lietuvos pedagogai, vadovai, \u0161vietimo pagalbos specialistai, k\u0105 da\u017eniausiai taik\u0117 savo veikloje, ugdymo procese po kvalifikacijos tobulinimo, koks poveikis mokini\u0173 pasiekimams ir pa\u017eangai.<\/p>\n<p>Mokykl\u0173 veiklos pl\u0117tros skyriaus ved\u0117jo pavaduotoja Ingrida \u0160edeckyt\u0117-Lagunavi\u010dien\u0117 ap\u017evelg\u0117, kok\u012f pedagog\u0173 kvalifikacijos poveik\u012f mato savivaldyb\u0117s. \u0160vietimo politikos ir steb\u0117senos skyriaus analitik\u0117 dr. Sandra Balevi\u010dien\u0117, remdamasi <a href=\"https:\/\/www.nsa.smsm.lt\/old\/old\/wp-content\/uploads\/2022\/03\/Galutine-tyrimo-ataskaita.pdf\">Auk\u0161t\u0173j\u0173 mokykl\u0173, vykdan\u010di\u0173 pedagog\u0173 rengimo programas, galimybi\u0173 ir vaidmens u\u017etikrinant pedagog\u0173 profesini\u0173 kompetencij\u0173 tobulinimo kokyb\u0119 tyrimo rezultat\u0173 tyrimu<\/a>, pristat\u0117 galim\u0105 auk\u0161t\u0173j\u0173 mokykl\u0173 vaidmen\u012f, u\u017etikrinant pedagog\u0173 profesini\u0173 kompetencij\u0173 tobulinimo kokyb\u0119. Susitikimo metu diskutuota apie mokytoj\u0173 profesini\u0173 kompetencij\u0173 rai\u0161k\u0105 praktikoje, pedagogini\u0173 darbuotoj\u0173 profesinio tobul\u0117jimo \u012ftak\u0105 mokini\u0173 pasiekimams ir pa\u017eangai, galimus kokybinius pedagog\u0173 kvalifikacijos tobulinimo steb\u0117senos rodiklius.<\/p>\n<p>Diskusij\u0105 apibendrino \u0160vietimo, mokslo ir sporto ministerijos Bendrojo ugdymo departamento Pedagog\u0173 skyriaus vyriausioji specialist\u0117 Ilona Valavi\u010dien\u0117, kuri pritar\u0117 tyr\u0117j\u0173 si\u016blymui skatinti pedagog\u0173 kompetencij\u0173 tobulinimo program\u0173 rengimo bendraautoryst\u0119 su auk\u0161tosiomis mokyklomis, pedagog\u0173 rengimo centrais ir j\u0105 \u012fteisinti kei\u010diamuose kvalifikacijos tobulinimo nuostatuose. Pakviet\u0117 drauge siekti, kad kvalifikacijos tobulinimas pedagogams b\u016bt\u0173 labiau motyvuojantis.<\/p>\n","protected":false},"excerpt":{"rendered":"<p>Nacionalin\u0117s \u0161vietimo agent\u016bros \u0160vietimo pagalbos departamento Mokykl\u0173 veiklos pl\u0117tros skyriaus darbuotojai, stiprindami bendradarbiavim\u0105 su pedagog\u0173 rengimo centrais, akredituotomis pedagog\u0173 kvalifikacijos tobulinimo institucijomis ir savivaldybi\u0173 administracij\u0173 \u0161vietimo padaliniais, baland\u017eio 28\u00a0dien\u0105 sureng\u0117 nuotolin\u0119 diskusij\u0105 \u201eKokybini\u0173 pedagog\u0173 kvalifikacijos tobulinimo steb\u0117senos rodikli\u0173 paie\u0161ka\u201c. Skyriaus&nbsp;<a href=\"https:\/\/www.nsa.smsm.lt\/old\/2022\/04\/29\/kokybiniu-pedagogu-kvalifikacijos-tobulinimo-stebesenos-rodikliu-paieska\/\" class=\"placiau\">Pla\u010diau <i class=\"fa fa-caret-right\"><\/i><\/a><\/p>\n","protected":false},"author":5,"featured_media":0,"comment_status":"open","ping_status":"open","sticky":false,"template":"","format":"standard","meta":{"_acf_changed":false,"footnotes":""},"categories":[1,21],"tags":[],"class_list":["post-29311","post","type-post","status-publish","format-standard","hentry","category-nacionalines-svietimo-agenturos-naujienos","category-naujienu-archyvas"],"acf":[],"_links":{"self":[{"href":"https:\/\/www.nsa.smsm.lt\/old\/wp-json\/wp\/v2\/posts\/29311","targetHints":{"allow":["GET"]}}],"collection":[{"href":"https:\/\/www.nsa.smsm.lt\/old\/wp-json\/wp\/v2\/posts"}],"about":[{"href":"https:\/\/www.nsa.smsm.lt\/old\/wp-json\/wp\/v2\/types\/post"}],"author":[{"embeddable":true,"href":"https:\/\/www.nsa.smsm.lt\/old\/wp-json\/wp\/v2\/users\/5"}],"replies":[{"embeddable":true,"href":"https:\/\/www.nsa.smsm.lt\/old\/wp-json\/wp\/v2\/comments?post=29311"}],"version-history":[{"count":0,"href":"https:\/\/www.nsa.smsm.lt\/old\/wp-json\/wp\/v2\/posts\/29311\/revisions"}],"wp:attachment":[{"href":"https:\/\/www.nsa.smsm.lt\/old\/wp-json\/wp\/v2\/media?parent=29311"}],"wp:term":[{"taxonomy":"category","embeddable":true,"href":"https:\/\/www.nsa.smsm.lt\/old\/wp-json\/wp\/v2\/categories?post=29311"},{"taxonomy":"post_tag","embeddable":true,"href":"https:\/\/www.nsa.smsm.lt\/old\/wp-json\/wp\/v2\/tags?post=29311"}],"curies":[{"name":"wp","href":"https:\/\/api.w.org\/{rel}","templated":true}]}}