{"id":29266,"date":"2022-04-27T11:20:43","date_gmt":"2022-04-27T09:20:43","guid":{"rendered":"https:\/\/www.nsa.smsm.lt\/old\/?p=29266"},"modified":"2022-04-27T11:38:32","modified_gmt":"2022-04-27T09:38:32","slug":"bendros-itraukties-i-svietima-vizijos-link-suinteresuotuju-saliu-dialogo-del-teises-aktu-ir-politikos-skatinimas","status":"publish","type":"post","link":"https:\/\/www.nsa.smsm.lt\/old\/2022\/04\/27\/bendros-itraukties-i-svietima-vizijos-link-suinteresuotuju-saliu-dialogo-del-teises-aktu-ir-politikos-skatinimas\/","title":{"rendered":"Bendros \u012ftraukties \u012f \u0161vietim\u0105 vizijos link: suinteresuot\u0173j\u0173 \u0161ali\u0173 dialogo d\u0117l teis\u0117s akt\u0173 ir politikos skatinimas"},"content":{"rendered":"<p><span style=\"font-style: inherit; font-weight: inherit;\">Rengin\u012f, kuris vyks <strong>2022 m. baland\u017eio 28 d. 12.00 val.<\/strong> Pary\u017eiuje, organizuoja UNESCO ir <\/span>Europos specialiojo ir inkliuzinio ugdymo pl\u0117tros agent\u016bra. <span style=\"font-style: inherit; font-weight: inherit;\">Pagrindinis d\u0117mesys skiriamas suinteresuot\u0173j\u0173 \u0161ali\u0173 dialogo skatinimui teis\u0117s aktuose ir politikos formavime bei \u012fgyvendinimo srityse. Per internetin\u012f seminar\u0105 bus dalijamasi prane\u0161imais ir mokymosi ta\u0161kais i\u0161 \u012fvairi\u0173 \u0161ali\u0173 apie \u012ftraukiojo \u0161vietimo \u201eveiklos&#8221; vizijas, kad visos suinteresuotosios \u0161alys gal\u0117t\u0173 suprasti ir veiksmingai \u012fgyvendinti politikos tikslus.<br aria-hidden=\"true\" \/><br aria-hidden=\"true\" \/>Internetinio seminaro rezultatai suteiks pagrindini\u0173 \u017eini\u0173 apie suinteresuot\u0173j\u0173 \u0161ali\u0173 dialog\u0105, siekiant skatinti teis\u0117s aktus ir \u012ftraukiojo \u0161vietimo politik\u0105 nacionaliniu, regioniniu ir tarptautiniu lygmenimis, nustatant kli\u016btis ir i\u0161\u0161\u016bkius, taip pat galimybes jud\u0117ti \u012f priek\u012f.<\/span><\/p>\n<p><a href=\"https:\/\/unesco-org.zoom.us\/webinar\/register\/WN_En9eFbCJStSymgdX6rHNAQ\">Registracija \u012f rengin\u012f<\/a><\/p>\n","protected":false},"excerpt":{"rendered":"<p>Rengin\u012f, kuris vyks 2022 m. baland\u017eio 28 d. 12.00 val. Pary\u017eiuje, organizuoja UNESCO ir Europos specialiojo ir inkliuzinio ugdymo pl\u0117tros agent\u016bra. Pagrindinis d\u0117mesys skiriamas suinteresuot\u0173j\u0173 \u0161ali\u0173 dialogo skatinimui teis\u0117s aktuose ir politikos formavime bei \u012fgyvendinimo srityse. Per internetin\u012f seminar\u0105 bus&nbsp;<a href=\"https:\/\/www.nsa.smsm.lt\/old\/2022\/04\/27\/bendros-itraukties-i-svietima-vizijos-link-suinteresuotuju-saliu-dialogo-del-teises-aktu-ir-politikos-skatinimas\/\" class=\"placiau\">Pla\u010diau <i class=\"fa fa-caret-right\"><\/i><\/a><\/p>\n","protected":false},"author":5,"featured_media":0,"comment_status":"open","ping_status":"open","sticky":false,"template":"","format":"standard","meta":{"_acf_changed":false,"footnotes":""},"categories":[17,21],"tags":[],"class_list":["post-29266","post","type-post","status-publish","format-standard","hentry","category-renginiai","category-naujienu-archyvas"],"acf":[],"_links":{"self":[{"href":"https:\/\/www.nsa.smsm.lt\/old\/wp-json\/wp\/v2\/posts\/29266","targetHints":{"allow":["GET"]}}],"collection":[{"href":"https:\/\/www.nsa.smsm.lt\/old\/wp-json\/wp\/v2\/posts"}],"about":[{"href":"https:\/\/www.nsa.smsm.lt\/old\/wp-json\/wp\/v2\/types\/post"}],"author":[{"embeddable":true,"href":"https:\/\/www.nsa.smsm.lt\/old\/wp-json\/wp\/v2\/users\/5"}],"replies":[{"embeddable":true,"href":"https:\/\/www.nsa.smsm.lt\/old\/wp-json\/wp\/v2\/comments?post=29266"}],"version-history":[{"count":0,"href":"https:\/\/www.nsa.smsm.lt\/old\/wp-json\/wp\/v2\/posts\/29266\/revisions"}],"wp:attachment":[{"href":"https:\/\/www.nsa.smsm.lt\/old\/wp-json\/wp\/v2\/media?parent=29266"}],"wp:term":[{"taxonomy":"category","embeddable":true,"href":"https:\/\/www.nsa.smsm.lt\/old\/wp-json\/wp\/v2\/categories?post=29266"},{"taxonomy":"post_tag","embeddable":true,"href":"https:\/\/www.nsa.smsm.lt\/old\/wp-json\/wp\/v2\/tags?post=29266"}],"curies":[{"name":"wp","href":"https:\/\/api.w.org\/{rel}","templated":true}]}}