{"id":29077,"date":"2022-04-11T09:08:29","date_gmt":"2022-04-11T07:08:29","guid":{"rendered":"https:\/\/www.nsa.smsm.lt\/old\/?p=29077"},"modified":"2022-04-11T11:55:34","modified_gmt":"2022-04-11T09:55:34","slug":"svietimo-pagalba-karo-pabegeliams-is-ukrainos","status":"publish","type":"post","link":"https:\/\/www.nsa.smsm.lt\/old\/2022\/04\/11\/svietimo-pagalba-karo-pabegeliams-is-ukrainos\/","title":{"rendered":"\u0160vietimo pagalba karo pab\u0117g\u0117liams i\u0161 Ukrainos"},"content":{"rendered":"<p>Savivaldybi\u0173 administracij\u0173 \u0161vietimo padaliniams, Pedagogin\u0117ms psichologin\u0117ms tarnyboms \/ \u0160vietimo pagalbos tarnyboms\u00a0<span style=\"font-style: inherit; font-weight: inherit;\">parengtas aplinkra\u0161tis d\u0117l \u0161vietimo pagalbos karo pab\u0117g\u0117liams i\u0161 Ukrainos.<\/span><span style=\"font-style: inherit; font-weight: inherit;\">\u00a0Aplinkra\u0161tyje informuojama, kad \u012fstaigos\u00a0 teikt\u0173 si\u016blymus d\u0117l teis\u0117s akt\u0173 pakeitim\u0173 ir sprendim\u0173, kuri\u0173 reik\u0117s\u00a0 nuo 2022 m. rugs\u0117jo 1 d., siekiant sudaryti \u012ftraukties \u012f Lietuvos \u0161vietim\u0105 s\u0105lygas ir teikti \u0161vietimo pagalb\u0105 ukrainie\u010di\u0173 pab\u0117g\u0117li\u0173 vaikams.<\/span><\/p>\n<p>Pridedame <a href=\"https:\/\/www.nsa.smsm.lt\/old\/old\/wp-content\/uploads\/2022\/04\/Aplinkrastis.pdf\">aplinkra\u0161t\u012f<\/a>.<\/p>\n","protected":false},"excerpt":{"rendered":"<p>Savivaldybi\u0173 administracij\u0173 \u0161vietimo padaliniams, Pedagogin\u0117ms psichologin\u0117ms tarnyboms \/ \u0160vietimo pagalbos tarnyboms\u00a0parengtas aplinkra\u0161tis d\u0117l \u0161vietimo pagalbos karo pab\u0117g\u0117liams i\u0161 Ukrainos.\u00a0Aplinkra\u0161tyje informuojama, kad \u012fstaigos\u00a0 teikt\u0173 si\u016blymus d\u0117l teis\u0117s akt\u0173 pakeitim\u0173 ir sprendim\u0173, kuri\u0173 reik\u0117s\u00a0 nuo 2022 m. rugs\u0117jo 1 d., siekiant sudaryti&nbsp;<a href=\"https:\/\/www.nsa.smsm.lt\/old\/2022\/04\/11\/svietimo-pagalba-karo-pabegeliams-is-ukrainos\/\" class=\"placiau\">Pla\u010diau <i class=\"fa fa-caret-right\"><\/i><\/a><\/p>\n","protected":false},"author":5,"featured_media":0,"comment_status":"open","ping_status":"open","sticky":false,"template":"","format":"standard","meta":{"_acf_changed":false,"footnotes":""},"categories":[1,21],"tags":[],"class_list":["post-29077","post","type-post","status-publish","format-standard","hentry","category-nacionalines-svietimo-agenturos-naujienos","category-naujienu-archyvas"],"acf":[],"_links":{"self":[{"href":"https:\/\/www.nsa.smsm.lt\/old\/wp-json\/wp\/v2\/posts\/29077","targetHints":{"allow":["GET"]}}],"collection":[{"href":"https:\/\/www.nsa.smsm.lt\/old\/wp-json\/wp\/v2\/posts"}],"about":[{"href":"https:\/\/www.nsa.smsm.lt\/old\/wp-json\/wp\/v2\/types\/post"}],"author":[{"embeddable":true,"href":"https:\/\/www.nsa.smsm.lt\/old\/wp-json\/wp\/v2\/users\/5"}],"replies":[{"embeddable":true,"href":"https:\/\/www.nsa.smsm.lt\/old\/wp-json\/wp\/v2\/comments?post=29077"}],"version-history":[{"count":0,"href":"https:\/\/www.nsa.smsm.lt\/old\/wp-json\/wp\/v2\/posts\/29077\/revisions"}],"wp:attachment":[{"href":"https:\/\/www.nsa.smsm.lt\/old\/wp-json\/wp\/v2\/media?parent=29077"}],"wp:term":[{"taxonomy":"category","embeddable":true,"href":"https:\/\/www.nsa.smsm.lt\/old\/wp-json\/wp\/v2\/categories?post=29077"},{"taxonomy":"post_tag","embeddable":true,"href":"https:\/\/www.nsa.smsm.lt\/old\/wp-json\/wp\/v2\/tags?post=29077"}],"curies":[{"name":"wp","href":"https:\/\/api.w.org\/{rel}","templated":true}]}}