{"id":28870,"date":"2022-03-23T10:52:12","date_gmt":"2022-03-23T08:52:12","guid":{"rendered":"https:\/\/www.nsa.smsm.lt\/old\/?p=28870"},"modified":"2022-03-24T11:43:58","modified_gmt":"2022-03-24T09:43:58","slug":"kvieciame-i-mokymus-darbas-su-mokiniais-turinciais-autizmo-spektro-sutrikimu","status":"publish","type":"post","link":"https:\/\/www.nsa.smsm.lt\/old\/2022\/03\/23\/kvieciame-i-mokymus-darbas-su-mokiniais-turinciais-autizmo-spektro-sutrikimu\/","title":{"rendered":"Kvie\u010diame \u012f mokymus \u201eDarbas su mokiniais, turin\u010diais autizmo spektro sutrikim\u0173\u201c"},"content":{"rendered":"<p>Nacionalin\u0117 \u0161vietimo agent\u016bra kvie\u010dia <em>bendrojo ugdymo mokykl\u0173 pedagogus ir \u0161vietimo pagalbos specialistus<\/em> \u012f mokymus <em>\u201eDarbas su mokiniais, turin\u010diais autizmo spektro sutrikim\u0173\u201c. <\/em><\/p>\n<p>Mokym\u0173 metu bus kalbama apie strukt\u016bruotos aplinkos ir strukt\u016bruoto ugdymo svarb\u0105 mokiniams, turintiems autizmo spektro sutrikim\u0173. Dalyviai bus supa\u017eindinti su alternatyviosios komunikacijos principais, tur\u0117s galimyb\u0119 patys susikurti simboli\u0173 dienotvarkes. Bus aptarti ugdymo metodai, priemon\u0117s, ugdymo turinio pritaikymas, o praktinio u\u017esi\u0117mimo metu dalyviai tur\u0117s galimyb\u0119 pritaikyti u\u017eduotis mokiniams, turintiems autizmo spektro sutrikim\u0173.<\/p>\n<p>Mokym\u0173 lektor\u0117s \u2013 specialiosios pedagog\u0117s Vaida Maziukien\u0117 ir Martyna \u017ditkuvien\u0117.<\/p>\n<p>&nbsp;<\/p>\n<p>NUOTOLINIAI MOKYMAI VYKS:<\/p>\n<p><strong>I grup\u0117 &#8211; 2022\u00a0m. baland\u017eio 5 ir 7 d.<\/strong><\/p>\n<p>Registracija baigta<\/p>\n<p>&nbsp;<\/p>\n<p><strong>II grup\u0117 &#8211; 2022 m. gegu\u017e\u0117s 3 ir 5 d.<\/strong><\/p>\n<p>Registracija baigta<\/p>\n<p>&nbsp;<\/p>\n<p><strong>III grup\u0117 &#8211; 2022 m. gegu\u017e\u0117s 17 ir 19 d.<\/strong><\/p>\n<p>Registracija baigta<\/p>\n<p><strong><em>\u00a0<\/em><\/strong><\/p>\n<p><strong><em>Nuotolini\u0173 mokym\u0173 prad\u017eia &#8211; 13.00 val. Numatoma pabaiga &#8211; 16.15 val.<\/em><\/strong><\/p>\n<p><strong><em>Nuotoliniai mokymai vyks Microsoft Teams platformoje.<\/em><\/strong><\/p>\n<p><strong>\u00a0<\/strong><\/p>\n<p>KONTAKTINIAI MOKYMAI VYKS:<\/p>\n<p><strong>IV grup\u0117 &#8211; 2022 m. baland\u017eio 20 d.<\/strong><\/p>\n<p>Registracija baigta<\/p>\n<p>&nbsp;<\/p>\n<p><strong>V grup\u0117 &#8211; 2022 m. bir\u017eelio 3 d.<\/strong><\/p>\n<p>Registracija baigta<\/p>\n<p>&nbsp;<\/p>\n<p><strong><em>Kontaktini\u0173 mokym\u0173 prad\u017eia &#8211; 9.00 val. Numatoma pabaiga &#8211; 16.15 val.<\/em><\/strong><\/p>\n<p><strong><em>Kontaktiniai mokymai vyks Nacionalin\u0117je \u0161vietimo agent\u016broje, K. Kalinausko g. 7, Vilniuje. <\/em><\/strong><\/p>\n<p><strong><em>\u00a0<\/em><\/strong><\/p>\n<p><strong><em>DALYVI\u0172 SKAI\u010cIUS RIBOTAS. BUS I\u0160DUODAMOS PA\u017dYMOS.<\/em><\/strong><\/p>\n<p>Renginiai vykdomi \u012fgyvendinant Europos socialinio fondo l\u0117\u0161omis finansuojamo projekto \u201e\u012etraukiojo ugdymo galimybi\u0173 pl\u0117tra, I etapas\u201c (Nr. 09.2.2-ESFA-V-707-03-0001) veiklas.<\/p>\n<p>&nbsp;<\/p>\n<p>Daugiau informacijos: Kristina Pranien\u0117, projekto \u201e\u012etraukiojo ugdymo galimybi\u0173 pl\u0117tra, I etapas\u201c veiklos metodinink\u0117, el. pa\u0161tu <a href=\"mailto:kristina.praniene@nsa.smm.lt\">kristina.praniene@nsa.smm.lt<\/a><\/p>\n","protected":false},"excerpt":{"rendered":"<p>Nacionalin\u0117 \u0161vietimo agent\u016bra kvie\u010dia bendrojo ugdymo mokykl\u0173 pedagogus ir \u0161vietimo pagalbos specialistus \u012f mokymus \u201eDarbas su mokiniais, turin\u010diais autizmo spektro sutrikim\u0173\u201c. Mokym\u0173 metu bus kalbama apie strukt\u016bruotos aplinkos ir strukt\u016bruoto ugdymo svarb\u0105 mokiniams, turintiems autizmo spektro sutrikim\u0173. Dalyviai bus supa\u017eindinti&nbsp;<a href=\"https:\/\/www.nsa.smsm.lt\/old\/2022\/03\/23\/kvieciame-i-mokymus-darbas-su-mokiniais-turinciais-autizmo-spektro-sutrikimu\/\" class=\"placiau\">Pla\u010diau <i class=\"fa fa-caret-right\"><\/i><\/a><\/p>\n","protected":false},"author":5,"featured_media":0,"comment_status":"open","ping_status":"open","sticky":false,"template":"","format":"standard","meta":{"_acf_changed":false,"footnotes":""},"categories":[19,18,21],"tags":[],"class_list":["post-28870","post","type-post","status-publish","format-standard","hentry","category-projektu-naujienos","category-mokymai","category-naujienu-archyvas"],"acf":[],"_links":{"self":[{"href":"https:\/\/www.nsa.smsm.lt\/old\/wp-json\/wp\/v2\/posts\/28870","targetHints":{"allow":["GET"]}}],"collection":[{"href":"https:\/\/www.nsa.smsm.lt\/old\/wp-json\/wp\/v2\/posts"}],"about":[{"href":"https:\/\/www.nsa.smsm.lt\/old\/wp-json\/wp\/v2\/types\/post"}],"author":[{"embeddable":true,"href":"https:\/\/www.nsa.smsm.lt\/old\/wp-json\/wp\/v2\/users\/5"}],"replies":[{"embeddable":true,"href":"https:\/\/www.nsa.smsm.lt\/old\/wp-json\/wp\/v2\/comments?post=28870"}],"version-history":[{"count":0,"href":"https:\/\/www.nsa.smsm.lt\/old\/wp-json\/wp\/v2\/posts\/28870\/revisions"}],"wp:attachment":[{"href":"https:\/\/www.nsa.smsm.lt\/old\/wp-json\/wp\/v2\/media?parent=28870"}],"wp:term":[{"taxonomy":"category","embeddable":true,"href":"https:\/\/www.nsa.smsm.lt\/old\/wp-json\/wp\/v2\/categories?post=28870"},{"taxonomy":"post_tag","embeddable":true,"href":"https:\/\/www.nsa.smsm.lt\/old\/wp-json\/wp\/v2\/tags?post=28870"}],"curies":[{"name":"wp","href":"https:\/\/api.w.org\/{rel}","templated":true}]}}