{"id":28167,"date":"2022-01-31T10:44:07","date_gmt":"2022-01-31T08:44:07","guid":{"rendered":"https:\/\/www.nsa.smsm.lt\/old\/?p=28167"},"modified":"2022-01-31T11:50:39","modified_gmt":"2022-01-31T09:50:39","slug":"baigesi-projekto-saugios-elektronines-erdves-vaikams-kurimas-organizuoti-sausio-menesio-kontaktiniai-renginiai","status":"publish","type":"post","link":"https:\/\/www.nsa.smsm.lt\/old\/2022\/01\/31\/baigesi-projekto-saugios-elektronines-erdves-vaikams-kurimas-organizuoti-sausio-menesio-kontaktiniai-renginiai\/","title":{"rendered":"Baig\u0117si projekto \u201eSaugios elektronin\u0117s erdv\u0117s vaikams k\u016brimas\u201c organizuoti sausio m\u0117nesio kontaktiniai renginiai"},"content":{"rendered":"<p>2021 m. gruod\u017eio \u2013 2022 m. sausio m\u0117nesiais vyko dvide\u0161imt \u0161e\u0161i projekto \u201eSaugios elektronin\u0117s erdv\u0117s vaikams k\u016brimas\u201c (Nr. 09.2.1-ESFA-V-726-05-0001) renginiai pagal 2.2\u00a0veiklos \u201eMokytoj\u0173 ir mokykl\u0173 vadov\u0173 mokymai\u201c metodinink\u0173 parengt\u0105 kvalifikacijos tobulinimo program\u0105 \u201eSaugios elektronin\u0117s erdv\u0117s mokiniams k\u016brimas\u201c. Mokymuose dalyvavo 346 Lietuvos bendrojo ugdymo mokykl\u0173 vadovai, \u012fvairi\u0173 mokom\u0173j\u0173 dalyk\u0173 mokytojai, pagalbos mokiniui specialistai.<\/p>\n<p>Besimokantieji tobulino bendravimo ir bendradarbiavimo internete, saugaus informacijos ir turinio bendrinimo, tinklo etiketo \u012fg\u016bd\u017eius. Ypatingas d\u0117mesys buvo skiriamas dalyvi\u0173 skaitmeninei kompetencijai kurti patraukl\u0173 s\u0105veik\u0173j\u012f turin\u012f, naudojantis informacini\u0173 komunikacijos technologij\u0173 \u012frankiais, priemon\u0117mis ir kit\u0173 autori\u0173 intelektine nuosavybe, tobulinti.<\/p>\n<p>Kontaktini\u0173 mokym\u0173 metu buvo pl\u0117tojamos besimokan\u010di\u0173j\u0173 \u017einios apie skaitmenin\u012f mokym\u0105 ir mokym\u0105si: tiksling\u0105 ugdymo turinio paie\u0161k\u0105, atrank\u0105, k\u016brim\u0105, pritaikym\u0105, naudojim\u0105 ugdymo procese ir saugojim\u0105. Lektoriai steng\u0117si mokyti tikslingai, \u0161iuolaiki\u0161kai ir k\u016brybi\u0161kai naudoti skaitmenines technologijas ir i\u0161teklius, vykdant mokym\u0105, \u017eini\u0173 vertinim\u0105 ir \u012fsivertinim\u0105.<\/p>\n<p>Kvalifikacijos tobulinimo programos \u201eSaugios elektronin\u0117s erdv\u0117s mokiniams k\u016brimas\u201c mokomosios med\u017eiagos turin\u012f ir lektori\u0173 darb\u0105 mokym\u0173 dalyviai vertina pozityviai:<\/p>\n<p>Ukmerg\u0117s Dukstynos pagrindin\u0117s mokyklos pradini\u0173 klasi\u0173 mokytoja Violeta Mink\u0161timien\u0117 teigia: \u201eTai buvo tikra \u201eatvirk\u0161tin\u0117 pamoka\u201c: labai daug teorijos reik\u0117jo \u201esuvir\u0161kinti\u201c, kad gal\u0117tum \u012fveikti klausimynus. A\u010di\u016b lektorei Jolantai Bal\u010di\u016bnaitei u\u017e puik\u0173 \u201egyv\u0105\u201c mokym\u0105, \u0161ilt\u0105 bendravim\u0105, o grupei \u2013 u\u017e bendradarbiavim\u0105.\u201c<\/p>\n<p>Pasak Kupi\u0161kio Lauryno Stuokos-Gucevi\u010diaus gimnazijos direktoriaus pavaduotojos ugdymui Irmos Vy\u0161niauskien\u0117s, kursai buvo puik\u016bs: \u201eBuvo nuostabu bendrauti ne per nuotol\u012f! Dvi dienos Ukmerg\u0117je: su labai pozityvia, puiki\u0105 darbin\u0119 nuotaik\u0105 kurian\u010dia d\u0117stytoja, su b\u016briu nuostabi\u0173, \u017eingeid\u017ei\u0173 koleg\u0173, daug besimokan\u010di\u0173, bendraujan\u010di\u0173, dirban\u010di\u0173 kartu. Informacijos labai daug.\u201c<\/p>\n<p>\u0160iauli\u0173 Jovaro progimnazijos pradini\u0173 klasi\u0173 mokytojos Kristinos Burbien\u0117s mintys: \u201eMokymus vertinu labai gerai: ir teorin\u0119, ir praktin\u0119 dalis. Gavau naujos, \u012fdomios, aktualios informacijos, kuri prapl\u0117t\u0117 \u017einojim\u0105. Buvo tokios, kurios labai reik\u0117jo, kai organizavome ugdymo proces\u0105 i\u0161tikus COVID-19 krizei (i\u0161mokome per savo patirtis). \u012edomi pasitikrinimo ir \u017eini\u0173 \u012ftvirtinimo sistema. Naudinga ir smagi praktin\u0117 dalis. \u0160auni lektor\u0117 Lina Giedrimien\u0117 ir besimokan\u010di\u0173j\u0173 komanda! Labai d\u017eiaugiuosi mokyklos mokytoj\u0173, kurie dalyvavo \u0161iuose mokymuose, \u017einiomis ir kompetencijomis. \u017dinau, kad visada galiu kreiptis \u012f juos pagalbos!!! A\u010di\u016b visiems!!!\u201c<\/p>\n<p>Kauno Prano Daunio ugdymo centro informacini\u0173 technologij\u0173 mokytojos Linos Vitkuvien\u0117s po\u017ei\u016briu, \u0161ie mokymai buvo puikus mokym\u0173 veikl\u0173 organizavimo, i\u0161pildymo ir \u012ftraukimo derinio pavyzdys. Dviej\u0173 dien\u0173 kontaktiniuose mokymuose lektor\u0117s Jolantos Leonavi\u010dien\u0117s pateiktos detaliai apgalvotos ir pasirinktos \u012fvairios veiklos ne\u012ftik\u0117tinai \u012fdomiai, patraukliai papild\u0117 mokymo(si) med\u017eiag\u0105 <em>Moodle<\/em> sistemoje.<\/p>\n<p>2022 m. vasario m\u0117nes\u012f mokymai t\u0119siami skirtinguose Lietuvos miestuose.<\/p>\n<p>Iki susitikim\u0173!<\/p>\n<p><strong>Akimirkos i\u0161 rengini\u0173<\/strong><\/p>\n<p><img loading=\"lazy\" decoding=\"async\" class=\"alignnone wp-image-28172\" src=\"https:\/\/www.nsa.smsm.lt\/old\/old\/wp-content\/uploads\/2022\/01\/1-nuotrauka.-Akimirkos-is-mokymu-Kauno-Senamiescio-progimnazijoje-1--300x225.jpg\" alt=\"\" width=\"635\" height=\"476\" srcset=\"https:\/\/www.nsa.smsm.lt\/old\/wp-content\/uploads\/2022\/01\/1-nuotrauka.-Akimirkos-is-mokymu-Kauno-Senamiescio-progimnazijoje-1--300x225.jpg 300w, https:\/\/www.nsa.smsm.lt\/old\/wp-content\/uploads\/2022\/01\/1-nuotrauka.-Akimirkos-is-mokymu-Kauno-Senamiescio-progimnazijoje-1--768x576.jpg 768w, https:\/\/www.nsa.smsm.lt\/old\/wp-content\/uploads\/2022\/01\/1-nuotrauka.-Akimirkos-is-mokymu-Kauno-Senamiescio-progimnazijoje-1-.jpg 960w\" sizes=\"auto, (max-width: 635px) 100vw, 635px\" \/><\/p>\n<p>Akimirkos i\u0161 mokym\u0173 Kauno Senamies\u010dio progimnazijoje.<\/p>\n<p>&nbsp;<\/p>\n<p><img loading=\"lazy\" decoding=\"async\" class=\"alignnone wp-image-28174\" src=\"https:\/\/www.nsa.smsm.lt\/old\/old\/wp-content\/uploads\/2022\/01\/2-nuotrauka.-Akimirkos-is-mokymu-Telsiu-\u201eAzuolyno-progimnazijoje.--300x225.jpeg\" alt=\"\" width=\"634\" height=\"475\" srcset=\"https:\/\/www.nsa.smsm.lt\/old\/wp-content\/uploads\/2022\/01\/2-nuotrauka.-Akimirkos-is-mokymu-Telsiu-\u201eAzuolyno-progimnazijoje.--300x225.jpeg 300w, https:\/\/www.nsa.smsm.lt\/old\/wp-content\/uploads\/2022\/01\/2-nuotrauka.-Akimirkos-is-mokymu-Telsiu-\u201eAzuolyno-progimnazijoje.--1024x768.jpeg 1024w, https:\/\/www.nsa.smsm.lt\/old\/wp-content\/uploads\/2022\/01\/2-nuotrauka.-Akimirkos-is-mokymu-Telsiu-\u201eAzuolyno-progimnazijoje.--768x576.jpeg 768w, https:\/\/www.nsa.smsm.lt\/old\/wp-content\/uploads\/2022\/01\/2-nuotrauka.-Akimirkos-is-mokymu-Telsiu-\u201eAzuolyno-progimnazijoje.--1536x1152.jpeg 1536w, https:\/\/www.nsa.smsm.lt\/old\/wp-content\/uploads\/2022\/01\/2-nuotrauka.-Akimirkos-is-mokymu-Telsiu-\u201eAzuolyno-progimnazijoje.-.jpeg 1776w\" sizes=\"auto, (max-width: 634px) 100vw, 634px\" \/><\/p>\n<p>Akimirkos i\u0161 mokym\u0173 Tel\u0161i\u0173 \u201e\u0104\u017euolyno\u201c progimnazijoje.<\/p>\n<p>&nbsp;<\/p>\n<p><img loading=\"lazy\" decoding=\"async\" class=\"alignnone wp-image-28177\" src=\"https:\/\/www.nsa.smsm.lt\/old\/old\/wp-content\/uploads\/2022\/01\/3-nuotrauka.-Akimirkos-is-mokymu-Kauno-Jono-ir-Petro-Vileisiu-mokykloje.--300x225.jpg\" alt=\"\" width=\"635\" height=\"476\" srcset=\"https:\/\/www.nsa.smsm.lt\/old\/wp-content\/uploads\/2022\/01\/3-nuotrauka.-Akimirkos-is-mokymu-Kauno-Jono-ir-Petro-Vileisiu-mokykloje.--300x225.jpg 300w, https:\/\/www.nsa.smsm.lt\/old\/wp-content\/uploads\/2022\/01\/3-nuotrauka.-Akimirkos-is-mokymu-Kauno-Jono-ir-Petro-Vileisiu-mokykloje.--1024x768.jpg 1024w, https:\/\/www.nsa.smsm.lt\/old\/wp-content\/uploads\/2022\/01\/3-nuotrauka.-Akimirkos-is-mokymu-Kauno-Jono-ir-Petro-Vileisiu-mokykloje.--768x576.jpg 768w, https:\/\/www.nsa.smsm.lt\/old\/wp-content\/uploads\/2022\/01\/3-nuotrauka.-Akimirkos-is-mokymu-Kauno-Jono-ir-Petro-Vileisiu-mokykloje.--1536x1152.jpg 1536w, https:\/\/www.nsa.smsm.lt\/old\/wp-content\/uploads\/2022\/01\/3-nuotrauka.-Akimirkos-is-mokymu-Kauno-Jono-ir-Petro-Vileisiu-mokykloje.--2048x1536.jpg 2048w\" sizes=\"auto, (max-width: 635px) 100vw, 635px\" \/><\/p>\n<p>Akimirkos i\u0161 mokym\u0173 Kauno Jono ir Petro Vilei\u0161i\u0173 mokykloje.<\/p>\n<p>&nbsp;<\/p>\n<p><img loading=\"lazy\" decoding=\"async\" class=\"alignnone wp-image-28179\" src=\"https:\/\/www.nsa.smsm.lt\/old\/old\/wp-content\/uploads\/2022\/01\/4-nuotrauka.-Mokymu-dalyviu-Rokiskio-savivaldybes-Juozo-Keliuocio-viesojoje-bibliotekoje-mintys-mokymams-pasibaigus.-300x176.jpg\" alt=\"\" width=\"641\" height=\"376\" srcset=\"https:\/\/www.nsa.smsm.lt\/old\/wp-content\/uploads\/2022\/01\/4-nuotrauka.-Mokymu-dalyviu-Rokiskio-savivaldybes-Juozo-Keliuocio-viesojoje-bibliotekoje-mintys-mokymams-pasibaigus.-300x176.jpg 300w, https:\/\/www.nsa.smsm.lt\/old\/wp-content\/uploads\/2022\/01\/4-nuotrauka.-Mokymu-dalyviu-Rokiskio-savivaldybes-Juozo-Keliuocio-viesojoje-bibliotekoje-mintys-mokymams-pasibaigus.-1024x600.jpg 1024w, https:\/\/www.nsa.smsm.lt\/old\/wp-content\/uploads\/2022\/01\/4-nuotrauka.-Mokymu-dalyviu-Rokiskio-savivaldybes-Juozo-Keliuocio-viesojoje-bibliotekoje-mintys-mokymams-pasibaigus.-768x450.jpg 768w, https:\/\/www.nsa.smsm.lt\/old\/wp-content\/uploads\/2022\/01\/4-nuotrauka.-Mokymu-dalyviu-Rokiskio-savivaldybes-Juozo-Keliuocio-viesojoje-bibliotekoje-mintys-mokymams-pasibaigus..jpg 1352w\" sizes=\"auto, (max-width: 641px) 100vw, 641px\" \/><\/p>\n<p>Mokym\u0173 dalyvi\u0173 Roki\u0161kio savivaldyb\u0117s Juozo Keliuo\u010dio vie\u0161ojoje bibliotekoje mintys mokymams pasibaigus.<\/p>\n<p>&nbsp;<\/p>\n<p><em>Aurelijos Dirvonskien\u0117s nuotraukos<\/em><\/p>\n","protected":false},"excerpt":{"rendered":"<p>2021 m. gruod\u017eio \u2013 2022 m. sausio m\u0117nesiais vyko dvide\u0161imt \u0161e\u0161i projekto \u201eSaugios elektronin\u0117s erdv\u0117s vaikams k\u016brimas\u201c (Nr. 09.2.1-ESFA-V-726-05-0001) renginiai pagal 2.2\u00a0veiklos \u201eMokytoj\u0173 ir mokykl\u0173 vadov\u0173 mokymai\u201c metodinink\u0173 parengt\u0105 kvalifikacijos tobulinimo program\u0105 \u201eSaugios elektronin\u0117s erdv\u0117s mokiniams k\u016brimas\u201c. Mokymuose dalyvavo 346&nbsp;<a href=\"https:\/\/www.nsa.smsm.lt\/old\/2022\/01\/31\/baigesi-projekto-saugios-elektronines-erdves-vaikams-kurimas-organizuoti-sausio-menesio-kontaktiniai-renginiai\/\" class=\"placiau\">Pla\u010diau <i class=\"fa fa-caret-right\"><\/i><\/a><\/p>\n","protected":false},"author":5,"featured_media":0,"comment_status":"open","ping_status":"open","sticky":false,"template":"","format":"standard","meta":{"_acf_changed":false,"footnotes":""},"categories":[19,21],"tags":[],"class_list":["post-28167","post","type-post","status-publish","format-standard","hentry","category-projektu-naujienos","category-naujienu-archyvas"],"acf":[],"_links":{"self":[{"href":"https:\/\/www.nsa.smsm.lt\/old\/wp-json\/wp\/v2\/posts\/28167","targetHints":{"allow":["GET"]}}],"collection":[{"href":"https:\/\/www.nsa.smsm.lt\/old\/wp-json\/wp\/v2\/posts"}],"about":[{"href":"https:\/\/www.nsa.smsm.lt\/old\/wp-json\/wp\/v2\/types\/post"}],"author":[{"embeddable":true,"href":"https:\/\/www.nsa.smsm.lt\/old\/wp-json\/wp\/v2\/users\/5"}],"replies":[{"embeddable":true,"href":"https:\/\/www.nsa.smsm.lt\/old\/wp-json\/wp\/v2\/comments?post=28167"}],"version-history":[{"count":0,"href":"https:\/\/www.nsa.smsm.lt\/old\/wp-json\/wp\/v2\/posts\/28167\/revisions"}],"wp:attachment":[{"href":"https:\/\/www.nsa.smsm.lt\/old\/wp-json\/wp\/v2\/media?parent=28167"}],"wp:term":[{"taxonomy":"category","embeddable":true,"href":"https:\/\/www.nsa.smsm.lt\/old\/wp-json\/wp\/v2\/categories?post=28167"},{"taxonomy":"post_tag","embeddable":true,"href":"https:\/\/www.nsa.smsm.lt\/old\/wp-json\/wp\/v2\/tags?post=28167"}],"curies":[{"name":"wp","href":"https:\/\/api.w.org\/{rel}","templated":true}]}}