{"id":27803,"date":"2022-01-04T15:02:37","date_gmt":"2022-01-04T13:02:37","guid":{"rendered":"https:\/\/www.nsa.smsm.lt\/old\/?p=27803"},"modified":"2022-01-04T16:21:18","modified_gmt":"2022-01-04T14:21:18","slug":"pratesiama-registracija-i-projekto-tesk-mokymus","status":"publish","type":"post","link":"https:\/\/www.nsa.smsm.lt\/old\/2022\/01\/04\/pratesiama-registracija-i-projekto-tesk-mokymus\/","title":{"rendered":"Prat\u0119siama registracija \u012f projekto \u201eT\u0119sk\u201c mokymus"},"content":{"rendered":"<p><img loading=\"lazy\" decoding=\"async\" class=\"alignnone wp-image-27804\" src=\"https:\/\/www.nsa.smsm.lt\/old\/old\/wp-content\/uploads\/2022\/01\/1-300x138.jpg\" alt=\"\" width=\"228\" height=\"105\" srcset=\"https:\/\/www.nsa.smsm.lt\/old\/wp-content\/uploads\/2022\/01\/1-300x138.jpg 300w, https:\/\/www.nsa.smsm.lt\/old\/wp-content\/uploads\/2022\/01\/1.jpg 447w\" sizes=\"auto, (max-width: 228px) 100vw, 228px\" \/> <img loading=\"lazy\" decoding=\"async\" class=\"alignnone wp-image-27806\" src=\"https:\/\/www.nsa.smsm.lt\/old\/old\/wp-content\/uploads\/2022\/01\/SMSM-logotipas-300x141.png\" alt=\"\" width=\"210\" height=\"99\" srcset=\"https:\/\/www.nsa.smsm.lt\/old\/wp-content\/uploads\/2022\/01\/SMSM-logotipas-300x141.png 300w, https:\/\/www.nsa.smsm.lt\/old\/wp-content\/uploads\/2022\/01\/SMSM-logotipas-1024x483.png 1024w, https:\/\/www.nsa.smsm.lt\/old\/wp-content\/uploads\/2022\/01\/SMSM-logotipas-768x362.png 768w, https:\/\/www.nsa.smsm.lt\/old\/wp-content\/uploads\/2022\/01\/SMSM-logotipas.png 1317w\" sizes=\"auto, (max-width: 210px) 100vw, 210px\" \/> <img loading=\"lazy\" decoding=\"async\" class=\"alignnone wp-image-27808\" src=\"https:\/\/www.nsa.smsm.lt\/old\/old\/wp-content\/uploads\/2022\/01\/NSA-logotipas.jpg\" alt=\"\" width=\"224\" height=\"77\" \/> <img loading=\"lazy\" decoding=\"async\" class=\"alignnone wp-image-27810\" src=\"https:\/\/www.nsa.smsm.lt\/old\/old\/wp-content\/uploads\/2022\/01\/Tesk-logotipas.png\" alt=\"\" width=\"98\" height=\"108\" \/><\/p>\n<p>Kvie\u010diame dalyvauti projekto \u201eT\u0119sk\u201c Pedagog\u0173 kompetencij\u0173 vertinimo instrument\u0173 taikymo mokymuose ir mokytis taikyti kompetencij\u0173 vertinimo instrumentus, \u012f(si)vertinti kompetencijas, tikslingai planuoti tolesn\u012f profesin\u012f augim\u0105 bei tobul\u0117jim\u0105. <strong>Registruotis kvie\u010diame <\/strong>ikimokyklinio, pradinio ugdymo pedagogus, mokytojus dalykininkus, neformaliojo \u0161vietimo mokytojus, profesijos mokytojus, \u0161vietimo pagalbos specialistus bei \u0161vietimo administravimo darbuotojus \u2013 ugdymo \u012fstaig\u0173 vadovus, j\u0173 pavaduotojus ar skyri\u0173 ved\u0117jus, ir kitus asmenis, atsakingus u\u017e ugdym\u0105, darbuotoj\u0173 vertinim\u0105.<strong> Registruotis pra\u0161ome iki 2022 m. sausio 10 d.<\/strong><\/p>\n<table class=\"table table-responsive\" width=\"100%\">\n<tbody>\n<tr>\n<td width=\"217\"><strong>Kod\u0117l verta dalyvauti?<\/strong><\/td>\n<td width=\"510\">Mokym\u0173 metu su\u017einosite: kaip (pri)taikyti kompetencij\u0173 vertinimo instrumentus; kaip vertinti ir \u012f(si)vertinti kompetencijas; tikslingai planuoti tolesn\u012f profesin\u012f augim\u0105 bei tobul\u0117jim\u0105.<\/td>\n<\/tr>\n<tr>\n<td width=\"217\"><strong>Kokie mokym\u0173 programos moduliai?<\/strong><\/p>\n<p>&nbsp;<\/td>\n<td width=\"510\">Programa <strong>\u201eKompetencij\u0173 vertinimo instrumentai\u201c<\/strong> apima \u0161iuos modulius: \u201ePedagogo profesijos kompetencij\u0173 vertinimo sistema\u201c (16 akad. val.); \u201ePedagogo profesijos kompetencij\u0173 vertinimo proced\u016bros\u201c (16 akad. val.); \u201ePedagogo profesijos kompetencij\u0173 vertinimas ir profesinis augimas\u201c (8 akad. val.).<\/td>\n<\/tr>\n<tr>\n<td width=\"217\"><strong>Kiek valand\u0173 trunka mokymai?<\/strong><\/p>\n<p>&nbsp;<\/td>\n<td width=\"510\">Programos trukm\u0117 40 akad. val. (5 dienos).<\/td>\n<\/tr>\n<tr>\n<td width=\"217\"><strong>Ar mokymai mokami?<\/strong><\/p>\n<p>&nbsp;<\/td>\n<td width=\"510\">Nemokami.<\/td>\n<\/tr>\n<tr>\n<td width=\"217\"><strong>Ar i\u0161duodami pa\u017eym\u0117jimai?<\/strong><\/p>\n<p>&nbsp;<\/td>\n<td width=\"510\">S\u0117kmingai baigusiems program\u0105 mokym\u0173 dalyviams (dalyvavusiems mokymuose ne ma\u017eiau kaip 75 procentus skirto laiko) i\u0161duodami kvalifikacijos tobulinimo pa\u017eym\u0117jimai (40 akad. val.).<\/td>\n<\/tr>\n<tr>\n<td width=\"217\"><strong>Kas organizuoja ir veda mokymus?<\/strong><\/p>\n<p>&nbsp;<\/td>\n<td width=\"510\">Mokymus organizuoja ir veda:<\/p>\n<p><strong>UAB \u201e\u017dmogaus studij\u0173 centras\u201c <\/strong>lektor\u0117, turinti ilgamet\u0119, \u012fvairiapus\u0119 mokym\u0173 program\u0173 rengimo, mokym\u0173 ir konsultavimo, vadybos, \u017emogi\u0161k\u0173j\u0173 i\u0161tekli\u0173 valdymo, poky\u010di\u0173 \u012fgyvendinimo patirt\u012f \u2013 <strong>Nomeda Brazd\u017ei\u016bnait\u0117-Sanden<\/strong>, psicholog\u0117 (magistro laipsnis), UAB \u201e\u017dmogaus studij\u0173 centras\u201c konsultant\u0117\u2013ekspert\u0117, kuriai suteiktas Europos psicholog\u0173 kvalifikacijos standart\u0105 atitinkantis sertifikatas \u201eEuroPsy\u201c.<\/td>\n<\/tr>\n<tr>\n<td width=\"217\"><strong>Kokiu b\u016bdu vyksta mokymai?<\/strong><\/p>\n<p>&nbsp;<\/td>\n<td width=\"510\">Mokymai vyks naudojantis vaizdo konferencij\u0173 ir pokalbi\u0173 platforma \u201eZoom\u201c ir bendravimo ir komunikavimo platforma \u201eMC Teams\u201c.<\/td>\n<\/tr>\n<tr>\n<td width=\"217\"><strong>\u00a0<\/strong><\/p>\n<p><strong>Kaip registruotis?*<\/strong><\/p>\n<p><strong>\u00a0<\/strong><\/p>\n<p><strong>\u00a0<\/strong><\/p>\n<p><strong>\u00a0<\/strong><\/p>\n<p><strong>\u00a0<\/strong><\/p>\n<p><strong>\u00a0<\/strong><\/td>\n<td width=\"510\">Dalyvauti kvalifikacijos tobulinimo programoje <strong>\u201eKompetencij\u0173 vertinimo instrumentai\u201c<\/strong> kvie\u010diame registruotis spustel\u0117jus nuorodos mygtuk\u0105.<\/p>\n<table width=\"474\">\n<tbody>\n<tr>\n<td width=\"49\"><strong>Grup\u0117<\/strong><\/td>\n<td width=\"85\"><strong>I sesija<\/strong><\/td>\n<td width=\"86\"><strong>II sesija<\/strong><\/td>\n<td width=\"65\"><strong>III sesija<\/strong><\/td>\n<td width=\"189\"><strong>Kvalifikacijos tobulinimo programos registracijos nuoroda<\/strong><\/td>\n<\/tr>\n<tr>\n<td width=\"49\">7 grup\u0117<\/td>\n<td width=\"85\">2022-01-13\u201314<\/td>\n<td width=\"86\">2022-01-20\u201321<\/td>\n<td width=\"65\">2022-01-28<\/td>\n<td width=\"189\"><a href=\"https:\/\/forms.office.com\/r\/yfsFMFpPAg\"><em>https:\/\/forms.office.com\/r\/yfsFMFpPAg<\/em><\/a><\/td>\n<\/tr>\n<\/tbody>\n<\/table>\n<\/td>\n<\/tr>\n<tr>\n<td width=\"217\"><strong>\u012e k\u0105 kreiptis k<\/strong><strong>ilus klausim\u0173 ar neai\u0161kum\u0173?<\/strong><\/p>\n<p><strong>\u00a0<\/strong><\/td>\n<td width=\"510\">Konsultacijas teikia \u2013 projekto \u201eT\u0119sk\u201c 3.1.2 veiklos metodinink\u0117 Roma Bu\u017eien\u0117, tel. +370 686 30 727, el. p. buziene.roma@gmail.com.<\/p>\n<p>&nbsp;<\/td>\n<\/tr>\n<\/tbody>\n<\/table>\n<p>*Detali kiekvien\u0173 mokym\u0173 programa ir prisijungimo nuoroda atsiun\u010diama asmeni\u0161kai kiekvienam dalyviui, u\u017esiregistravusiam \u012f mokymus.<\/p>\n<p>Nacionalin\u0117s \u0161vietimo agent\u016bros \u012fgyvendindamas projektas \u201eT\u0119sk\u201c finansuojamas Europos socialinio fondo ir Lietuvos Respublikos valstyb\u0117s biud\u017eeto l\u0117\u0161omis, pagal Lietuvos Respublikos \u0161vietimo ir mokslo ministro 2017 m. rugpj\u016b\u010dio 25 d. \u012fsakymu V-646 patvirtinto 2014\u20132020 met\u0173 Europos S\u0105jungos fond\u0173 investicij\u0173 veiksm\u0173 programos 9 prioriteto \u201eVisuomen\u0117s \u0161vietimas ir \u017emogi\u0161k\u0173j\u0173 i\u0161tekli\u0173 potencialo didinimas (09.2.1-ESFA-V-727) priemon\u0119 \u201eMokytoj\u0173 ir kit\u0173 \u0161vietimo sistemos darbuotoj\u0173 kvalifikacijos tobulinimas\u201c.<\/p>\n","protected":false},"excerpt":{"rendered":"<p>Kvie\u010diame dalyvauti projekto \u201eT\u0119sk\u201c Pedagog\u0173 kompetencij\u0173 vertinimo instrument\u0173 taikymo mokymuose ir mokytis taikyti kompetencij\u0173 vertinimo instrumentus, \u012f(si)vertinti kompetencijas, tikslingai planuoti tolesn\u012f profesin\u012f augim\u0105 bei tobul\u0117jim\u0105. Registruotis kvie\u010diame ikimokyklinio, pradinio ugdymo pedagogus, mokytojus dalykininkus, neformaliojo \u0161vietimo mokytojus, profesijos mokytojus, \u0161vietimo pagalbos&nbsp;<a href=\"https:\/\/www.nsa.smsm.lt\/old\/2022\/01\/04\/pratesiama-registracija-i-projekto-tesk-mokymus\/\" class=\"placiau\">Pla\u010diau <i class=\"fa fa-caret-right\"><\/i><\/a><\/p>\n","protected":false},"author":5,"featured_media":0,"comment_status":"open","ping_status":"open","sticky":false,"template":"","format":"standard","meta":{"_acf_changed":false,"footnotes":""},"categories":[18,21],"tags":[],"class_list":["post-27803","post","type-post","status-publish","format-standard","hentry","category-mokymai","category-naujienu-archyvas"],"acf":[],"_links":{"self":[{"href":"https:\/\/www.nsa.smsm.lt\/old\/wp-json\/wp\/v2\/posts\/27803","targetHints":{"allow":["GET"]}}],"collection":[{"href":"https:\/\/www.nsa.smsm.lt\/old\/wp-json\/wp\/v2\/posts"}],"about":[{"href":"https:\/\/www.nsa.smsm.lt\/old\/wp-json\/wp\/v2\/types\/post"}],"author":[{"embeddable":true,"href":"https:\/\/www.nsa.smsm.lt\/old\/wp-json\/wp\/v2\/users\/5"}],"replies":[{"embeddable":true,"href":"https:\/\/www.nsa.smsm.lt\/old\/wp-json\/wp\/v2\/comments?post=27803"}],"version-history":[{"count":0,"href":"https:\/\/www.nsa.smsm.lt\/old\/wp-json\/wp\/v2\/posts\/27803\/revisions"}],"wp:attachment":[{"href":"https:\/\/www.nsa.smsm.lt\/old\/wp-json\/wp\/v2\/media?parent=27803"}],"wp:term":[{"taxonomy":"category","embeddable":true,"href":"https:\/\/www.nsa.smsm.lt\/old\/wp-json\/wp\/v2\/categories?post=27803"},{"taxonomy":"post_tag","embeddable":true,"href":"https:\/\/www.nsa.smsm.lt\/old\/wp-json\/wp\/v2\/tags?post=27803"}],"curies":[{"name":"wp","href":"https:\/\/api.w.org\/{rel}","templated":true}]}}