{"id":27793,"date":"2022-01-10T12:00:38","date_gmt":"2022-01-10T10:00:38","guid":{"rendered":"https:\/\/www.nsa.smsm.lt\/old\/?p=27793"},"modified":"2022-01-10T15:03:27","modified_gmt":"2022-01-10T13:03:27","slug":"mokytoju-apklausa-siekiama-issiaiskinti-pedagogo-karjera-salygojancius-veiksnius","status":"publish","type":"post","link":"https:\/\/www.nsa.smsm.lt\/old\/2022\/01\/10\/mokytoju-apklausa-siekiama-issiaiskinti-pedagogo-karjera-salygojancius-veiksnius\/","title":{"rendered":"Apklausomis siekiama i\u0161siai\u0161kinti pedagogo karjer\u0105 s\u0105lygojan\u010dius veiksnius"},"content":{"rendered":"<p>Nacionalin\u0117 \u0161vietimo agent\u016bra, \u012fgyvendindama projekt\u0105 \u201eProfesinio mokymo ir mokymosi vis\u0105 gyvenim\u0105 informacini\u0173 sistem\u0173 ir registr\u0173 pl\u0117tra\u201c, vykdo nacionalin\u012f tyrim\u0105 \u201ePedagogo karjer\u0105 s\u0105lygojantys veiksniai\u201c.<\/p>\n<p>Tyrimu siekiama identifikuoti veiksnius, lemian\u010dius asmens tapsm\u0105 pedagogu. Pasitelkiant mokytojams ir pedagogik\u0105 studijuojantiems asmenims skirtose apklausose gautus duomenis, bus siekiama suprasti ir \u012fvertinti pedagogo karjeros kelyje kylan\u010dius i\u0161\u0161\u016bkius, pasitaikan\u010dias problemas ir turimas nuostatas pedagogo profesijos pasirinkimo bei presti\u017eo at\u017evilgiu.<\/p>\n<p>Mokytojai ir studijuojantys pedagogik\u0105 kvie\u010diami dalyvauti nacionaliniame tyrime ir atsakyti \u012f apklausos anketose pateiktus klausimus. Apklausos anonimin\u0117s.<\/p>\n<p>Apklausos anketa\u00a0<strong>mokytojams<\/strong>\u00a0\u2013\u00a0<a href=\"https:\/\/forms.office.com\/r\/gcNE8W0z4R\" data-auth=\"NotApplicable\" data-linkindex=\"1\">https:\/\/forms.office.com\/r\/gcNE8W0z4R<\/a><\/p>\n<p>Apklausos anketa\u00a0<strong>studijuojantiems pedagogik\u0105<\/strong>\u00a0\u2013\u00a0<a href=\"https:\/\/forms.office.com\/r\/gi8TXmCCVi\" data-auth=\"NotApplicable\" data-linkindex=\"2\">https:\/\/forms.office.com\/r\/gi8TXmCCVi<\/a><\/p>\n","protected":false},"excerpt":{"rendered":"<p>Nacionalin\u0117 \u0161vietimo agent\u016bra, \u012fgyvendindama projekt\u0105 \u201eProfesinio mokymo ir mokymosi vis\u0105 gyvenim\u0105 informacini\u0173 sistem\u0173 ir registr\u0173 pl\u0117tra\u201c, vykdo nacionalin\u012f tyrim\u0105 \u201ePedagogo karjer\u0105 s\u0105lygojantys veiksniai\u201c. Tyrimu siekiama identifikuoti veiksnius, lemian\u010dius asmens tapsm\u0105 pedagogu. Pasitelkiant mokytojams ir pedagogik\u0105 studijuojantiems asmenims skirtose apklausose gautus&nbsp;<a href=\"https:\/\/www.nsa.smsm.lt\/old\/2022\/01\/10\/mokytoju-apklausa-siekiama-issiaiskinti-pedagogo-karjera-salygojancius-veiksnius\/\" class=\"placiau\">Pla\u010diau <i class=\"fa fa-caret-right\"><\/i><\/a><\/p>\n","protected":false},"author":5,"featured_media":0,"comment_status":"open","ping_status":"open","sticky":false,"template":"","format":"standard","meta":{"_acf_changed":false,"footnotes":""},"categories":[1,21],"tags":[],"class_list":["post-27793","post","type-post","status-publish","format-standard","hentry","category-nacionalines-svietimo-agenturos-naujienos","category-naujienu-archyvas"],"acf":[],"_links":{"self":[{"href":"https:\/\/www.nsa.smsm.lt\/old\/wp-json\/wp\/v2\/posts\/27793","targetHints":{"allow":["GET"]}}],"collection":[{"href":"https:\/\/www.nsa.smsm.lt\/old\/wp-json\/wp\/v2\/posts"}],"about":[{"href":"https:\/\/www.nsa.smsm.lt\/old\/wp-json\/wp\/v2\/types\/post"}],"author":[{"embeddable":true,"href":"https:\/\/www.nsa.smsm.lt\/old\/wp-json\/wp\/v2\/users\/5"}],"replies":[{"embeddable":true,"href":"https:\/\/www.nsa.smsm.lt\/old\/wp-json\/wp\/v2\/comments?post=27793"}],"version-history":[{"count":0,"href":"https:\/\/www.nsa.smsm.lt\/old\/wp-json\/wp\/v2\/posts\/27793\/revisions"}],"wp:attachment":[{"href":"https:\/\/www.nsa.smsm.lt\/old\/wp-json\/wp\/v2\/media?parent=27793"}],"wp:term":[{"taxonomy":"category","embeddable":true,"href":"https:\/\/www.nsa.smsm.lt\/old\/wp-json\/wp\/v2\/categories?post=27793"},{"taxonomy":"post_tag","embeddable":true,"href":"https:\/\/www.nsa.smsm.lt\/old\/wp-json\/wp\/v2\/tags?post=27793"}],"curies":[{"name":"wp","href":"https:\/\/api.w.org\/{rel}","templated":true}]}}