{"id":27695,"date":"2021-12-27T11:11:49","date_gmt":"2021-12-27T09:11:49","guid":{"rendered":"https:\/\/www.nsa.smsm.lt\/old\/?p=27695"},"modified":"2021-12-27T11:29:48","modified_gmt":"2021-12-27T09:29:48","slug":"paskelbta-metu-paskaitu-lituanistams-ir-istorikams-vaizdo-medziaga","status":"publish","type":"post","link":"https:\/\/www.nsa.smsm.lt\/old\/2021\/12\/27\/paskelbta-metu-paskaitu-lituanistams-ir-istorikams-vaizdo-medziaga\/","title":{"rendered":"Paskelbta Met\u0173 paskait\u0173 lituanistams ir istorikams vaizdo med\u017eiaga"},"content":{"rendered":"<p>Mokytojo TV interneto platformoje paskelbti Met\u0173 paskait\u0173, skaityt\u0173 Nacionalin\u0117je \u0161vietimo agent\u016broje ir\u00a0 Lietuvos Respublikos \u0161vietimo, mokslo ir sporto ministerijoje, vaizdo \u012fra\u0161ai.<\/p>\n<p><a href=\"https:\/\/mokytojotv.emokykla.lt\/2021\/12\/lr-svietimo-mokslo-ir-sporto.html\">Met\u0173 paskaita lituanistams \u201eLiterat\u016bra ir \u201enauja normalyb\u0117\u201c ten, kur esame, mes jau buvome, u\u017e tuos, kuo b\u016bsime, teks pakovoti\u201c<\/a>.\u00a0 Paskait\u0105 skait\u0117 ra\u0161ytoja ir literat\u016bros vert\u0117ja, kult\u016brolog\u0117, dirbanti Kipro valstybiniame universitete, dr. Dalia Staponkut\u0117.<\/p>\n<p><a href=\"https:\/\/mokytojotv.emokykla.lt\/2021\/12\/vu-istorijos-fakultetas-paskaita.html\">Met\u0173 paskaita istorikams \u201eLietuvos Did\u017eiosios Kunigaik\u0161tyst\u0117s pa\u0161to keli\u0173 tinklas: kaip nusi\u0173sti lai\u0161k\u0105?\u201c<\/a>. Paskait\u0105 skait\u0117 Vilniaus universiteto Istorijos fakulteto mokslininkas dr. Tomas \u010celkis, universitete vykdantis LDK istorin\u0117s geografijos tyrimus.<\/p>\n","protected":false},"excerpt":{"rendered":"<p>Mokytojo TV interneto platformoje paskelbti Met\u0173 paskait\u0173, skaityt\u0173 Nacionalin\u0117je \u0161vietimo agent\u016broje ir\u00a0 Lietuvos Respublikos \u0161vietimo, mokslo ir sporto ministerijoje, vaizdo \u012fra\u0161ai. Met\u0173 paskaita lituanistams \u201eLiterat\u016bra ir \u201enauja normalyb\u0117\u201c ten, kur esame, mes jau buvome, u\u017e tuos, kuo b\u016bsime, teks pakovoti\u201c.\u00a0&nbsp;<a href=\"https:\/\/www.nsa.smsm.lt\/old\/2021\/12\/27\/paskelbta-metu-paskaitu-lituanistams-ir-istorikams-vaizdo-medziaga\/\" class=\"placiau\">Pla\u010diau <i class=\"fa fa-caret-right\"><\/i><\/a><\/p>\n","protected":false},"author":5,"featured_media":0,"comment_status":"open","ping_status":"open","sticky":false,"template":"","format":"standard","meta":{"_acf_changed":false,"footnotes":""},"categories":[1,21],"tags":[],"class_list":["post-27695","post","type-post","status-publish","format-standard","hentry","category-nacionalines-svietimo-agenturos-naujienos","category-naujienu-archyvas"],"acf":[],"_links":{"self":[{"href":"https:\/\/www.nsa.smsm.lt\/old\/wp-json\/wp\/v2\/posts\/27695","targetHints":{"allow":["GET"]}}],"collection":[{"href":"https:\/\/www.nsa.smsm.lt\/old\/wp-json\/wp\/v2\/posts"}],"about":[{"href":"https:\/\/www.nsa.smsm.lt\/old\/wp-json\/wp\/v2\/types\/post"}],"author":[{"embeddable":true,"href":"https:\/\/www.nsa.smsm.lt\/old\/wp-json\/wp\/v2\/users\/5"}],"replies":[{"embeddable":true,"href":"https:\/\/www.nsa.smsm.lt\/old\/wp-json\/wp\/v2\/comments?post=27695"}],"version-history":[{"count":0,"href":"https:\/\/www.nsa.smsm.lt\/old\/wp-json\/wp\/v2\/posts\/27695\/revisions"}],"wp:attachment":[{"href":"https:\/\/www.nsa.smsm.lt\/old\/wp-json\/wp\/v2\/media?parent=27695"}],"wp:term":[{"taxonomy":"category","embeddable":true,"href":"https:\/\/www.nsa.smsm.lt\/old\/wp-json\/wp\/v2\/categories?post=27695"},{"taxonomy":"post_tag","embeddable":true,"href":"https:\/\/www.nsa.smsm.lt\/old\/wp-json\/wp\/v2\/tags?post=27695"}],"curies":[{"name":"wp","href":"https:\/\/api.w.org\/{rel}","templated":true}]}}