{"id":27580,"date":"2021-12-17T11:08:21","date_gmt":"2021-12-17T09:08:21","guid":{"rendered":"https:\/\/www.nsa.smsm.lt\/old\/?p=27580"},"modified":"2021-12-17T11:08:21","modified_gmt":"2021-12-17T09:08:21","slug":"paskelbta-viesuju-konsultaciju-ciklo-skirto-svietimo-bendruomenei-tevams-ir-visiems-besidomintiems-autizmo-tema-vaizdo-medziaga","status":"publish","type":"post","link":"https:\/\/www.nsa.smsm.lt\/old\/2021\/12\/17\/paskelbta-viesuju-konsultaciju-ciklo-skirto-svietimo-bendruomenei-tevams-ir-visiems-besidomintiems-autizmo-tema-vaizdo-medziaga\/","title":{"rendered":"Paskelbta vie\u0161\u0173j\u0173 konsultacij\u0173 ciklo, skirto \u0161vietimo bendruomenei, t\u0117vams ir visiems besidomintiems autizmo tema, vaizdo med\u017eiaga"},"content":{"rendered":"<p>Mokytojo TV interneto platformoje paskelbti Lietuvos akl\u0173j\u0173 ir silpnaregi\u0173 ugdymo centro Sutrikusios raidos vaik\u0173 konsultavimo skyriaus vie\u0161\u0173j\u0173 konsultacij\u0173 ciklo autizmo tema vaizdo \u012fra\u0161ai. Vie\u0161\u0173j\u0173 konsultacij\u0173 ciklas skirtas draugi\u0161kam po\u017ei\u016briui \u012f \u012fvairiapus\u012f raidos sutrikim\u0105 formuoti, visuomen\u0117s tolerancijai ugdyti, neigiamiems stereotipams apie \u012fvairiapus\u012f raidos sutrikim\u0105 ma\u017einti, ypating\u0105 d\u0117mes\u012f skiriant mokykl\u0173 bendruomen\u0117ms.<\/p>\n<p><a href=\"https:\/\/mokytojotv.emokykla.lt\/2021\/11\/sutrikusios-raidos-vaiku-konsultavimo.html\">Prof. dr. Dainiaus P\u016bro, vaik\u0173 ir paaugli\u0173 psichiatro vie\u0161oji konsultacija \u201e\u0160iuolaikinis po\u017ei\u016bris \u012f pagalb\u0105 autisti\u0161kiems vaikams\u201c<\/a><\/p>\n<p><a href=\"https:\/\/mokytojotv.emokykla.lt\/2021\/11\/lietuvos-akluju-ir-silpnaregiu-ugdymo.html\">Vaik\u0173 ir paaugli\u0173 psichiatr\u0117s Natalijos Jegorovos-Mar\u010denkien\u0117s vie\u0161oji konsultacija \u201e\u0160eimos psichoemocin\u0117 sveikata, auginant autisti\u0161k\u0105 vaik\u0105\u201c<\/a><\/p>\n<p><a href=\"https:\/\/mokytojotv.emokykla.lt\/2021\/12\/sutrikusios-raidos-vaiku-konsultavimo.html\">Mokytojos Laimos Buliuolien\u0117s vie\u0161oji konsultacija \u201eBendr\u0173j\u0173 ugdymo program\u0173 taikymas dirbant su autizmo spektro sutrikim\u0173 turin\u010diais mokiniais\u201c<\/a><\/p>\n<p><a href=\"https:\/\/mokytojotv.emokykla.lt\/2021\/12\/sutrikusios-raidos-vaiku-konsultavimo_10.html\">Specialiosios pedagog\u0117s Paulinos Kuraitien\u0117s vie\u0161oji konsultacija \u201eSav\u0119s ir vaik\u0173 \u012fgalinimas: ar mums naudinga \u0161vietimo sistemoje stebima paradigm\u0173 kaita?\u201c<\/a><\/p>\n<p><a href=\"https:\/\/mokytojotv.emokykla.lt\/2021\/12\/sutrikusios-raidos-vaiku-konsultavimo_16.html\">Programuotojo Povilo Staniulio vie\u0161oji konsultacija \u201eAutisti\u0161ko \u017emogaus kasdienyb\u0117s i\u0161\u0161\u016bkiai\u201c<\/a><\/p>\n","protected":false},"excerpt":{"rendered":"<p>Mokytojo TV interneto platformoje paskelbti Lietuvos akl\u0173j\u0173 ir silpnaregi\u0173 ugdymo centro Sutrikusios raidos vaik\u0173 konsultavimo skyriaus vie\u0161\u0173j\u0173 konsultacij\u0173 ciklo autizmo tema vaizdo \u012fra\u0161ai. Vie\u0161\u0173j\u0173 konsultacij\u0173 ciklas skirtas draugi\u0161kam po\u017ei\u016briui \u012f \u012fvairiapus\u012f raidos sutrikim\u0105 formuoti, visuomen\u0117s tolerancijai ugdyti, neigiamiems stereotipams apie&nbsp;<a href=\"https:\/\/www.nsa.smsm.lt\/old\/2021\/12\/17\/paskelbta-viesuju-konsultaciju-ciklo-skirto-svietimo-bendruomenei-tevams-ir-visiems-besidomintiems-autizmo-tema-vaizdo-medziaga\/\" class=\"placiau\">Pla\u010diau <i class=\"fa fa-caret-right\"><\/i><\/a><\/p>\n","protected":false},"author":5,"featured_media":0,"comment_status":"open","ping_status":"open","sticky":false,"template":"","format":"standard","meta":{"_acf_changed":false,"footnotes":""},"categories":[20,21],"tags":[],"class_list":["post-27580","post","type-post","status-publish","format-standard","hentry","category-kitos-naujienos","category-naujienu-archyvas"],"acf":[],"_links":{"self":[{"href":"https:\/\/www.nsa.smsm.lt\/old\/wp-json\/wp\/v2\/posts\/27580","targetHints":{"allow":["GET"]}}],"collection":[{"href":"https:\/\/www.nsa.smsm.lt\/old\/wp-json\/wp\/v2\/posts"}],"about":[{"href":"https:\/\/www.nsa.smsm.lt\/old\/wp-json\/wp\/v2\/types\/post"}],"author":[{"embeddable":true,"href":"https:\/\/www.nsa.smsm.lt\/old\/wp-json\/wp\/v2\/users\/5"}],"replies":[{"embeddable":true,"href":"https:\/\/www.nsa.smsm.lt\/old\/wp-json\/wp\/v2\/comments?post=27580"}],"version-history":[{"count":0,"href":"https:\/\/www.nsa.smsm.lt\/old\/wp-json\/wp\/v2\/posts\/27580\/revisions"}],"wp:attachment":[{"href":"https:\/\/www.nsa.smsm.lt\/old\/wp-json\/wp\/v2\/media?parent=27580"}],"wp:term":[{"taxonomy":"category","embeddable":true,"href":"https:\/\/www.nsa.smsm.lt\/old\/wp-json\/wp\/v2\/categories?post=27580"},{"taxonomy":"post_tag","embeddable":true,"href":"https:\/\/www.nsa.smsm.lt\/old\/wp-json\/wp\/v2\/tags?post=27580"}],"curies":[{"name":"wp","href":"https:\/\/api.w.org\/{rel}","templated":true}]}}