{"id":27470,"date":"2021-12-10T10:34:00","date_gmt":"2021-12-10T08:34:00","guid":{"rendered":"https:\/\/www.nsa.smsm.lt\/old\/?p=27470"},"modified":"2021-12-10T10:43:36","modified_gmt":"2021-12-10T08:43:36","slug":"paskelbtas-lietuvos-mokiniu-neformaliojo-svietimo-centro-vaizdo-paskaitu-ciklas-apie-fotografija","status":"publish","type":"post","link":"https:\/\/www.nsa.smsm.lt\/old\/2021\/12\/10\/paskelbtas-lietuvos-mokiniu-neformaliojo-svietimo-centro-vaizdo-paskaitu-ciklas-apie-fotografija\/","title":{"rendered":"Paskelbtas Lietuvos mokini\u0173 neformaliojo \u0161vietimo centro vaizdo paskait\u0173 ciklas apie fotografij\u0105"},"content":{"rendered":"<p>Mokytojo TV interneto platformoje paskelbtas Lietuvos mokini\u0173 neformaliojo \u0161vietimo centro\u00a0 lektori\u0173 vaizdo paskait\u0173 ciklas apie fotografij\u0105 Lietuvos mokini\u0173 fotografijos konkurso dalyviams. Paskaitos gali b\u016bti aktualios meninio ugdymo srities mokytojams ir fotografijos besimokantiems mokiniams.<\/p>\n<p><a href=\"https:\/\/mokytojotv.emokykla.lt\/2021\/12\/lietuvos-mokiniu-neformaliojo-svietimo_7.html\">Gamtos fotografo Luko Jonai\u010dio paskaita \u201eGamta ir gamtos rei\u0161kiniai fotografijoje\u201c<\/a><\/p>\n<p><a href=\"https:\/\/mokytojotv.emokykla.lt\/2021\/12\/lietuvos-mokiniu-neformaliojo-svietimo.html\">Fotomeninink\u0117s V\u0117tr\u0117s Antanavi\u010di\u016bt\u0117s-Me\u0161kauskien\u0117s paskaita \u201eGamtos objekt\u0173 panaudojimas natiurmorte\u201c<\/a><\/p>\n<p><a href=\"https:\/\/mokytojotv.emokykla.lt\/2021\/12\/lietuvos-mokiniu-neformaliojo-svietimo_40.html\">Menotyrinink\u0117s Danguol\u0117s Ru\u0161kien\u0117s paskaita \u201eFotografija \u2013 bendravimas vaizdu. Kai asmeninis pokalbis tampa meno akcija\u201c<\/a><\/p>\n","protected":false},"excerpt":{"rendered":"<p>Mokytojo TV interneto platformoje paskelbtas Lietuvos mokini\u0173 neformaliojo \u0161vietimo centro\u00a0 lektori\u0173 vaizdo paskait\u0173 ciklas apie fotografij\u0105 Lietuvos mokini\u0173 fotografijos konkurso dalyviams. Paskaitos gali b\u016bti aktualios meninio ugdymo srities mokytojams ir fotografijos besimokantiems mokiniams. Gamtos fotografo Luko Jonai\u010dio paskaita \u201eGamta ir&nbsp;<a href=\"https:\/\/www.nsa.smsm.lt\/old\/2021\/12\/10\/paskelbtas-lietuvos-mokiniu-neformaliojo-svietimo-centro-vaizdo-paskaitu-ciklas-apie-fotografija\/\" class=\"placiau\">Pla\u010diau <i class=\"fa fa-caret-right\"><\/i><\/a><\/p>\n","protected":false},"author":5,"featured_media":0,"comment_status":"open","ping_status":"open","sticky":false,"template":"","format":"standard","meta":{"_acf_changed":false,"footnotes":""},"categories":[20,21],"tags":[],"class_list":["post-27470","post","type-post","status-publish","format-standard","hentry","category-kitos-naujienos","category-naujienu-archyvas"],"acf":[],"_links":{"self":[{"href":"https:\/\/www.nsa.smsm.lt\/old\/wp-json\/wp\/v2\/posts\/27470","targetHints":{"allow":["GET"]}}],"collection":[{"href":"https:\/\/www.nsa.smsm.lt\/old\/wp-json\/wp\/v2\/posts"}],"about":[{"href":"https:\/\/www.nsa.smsm.lt\/old\/wp-json\/wp\/v2\/types\/post"}],"author":[{"embeddable":true,"href":"https:\/\/www.nsa.smsm.lt\/old\/wp-json\/wp\/v2\/users\/5"}],"replies":[{"embeddable":true,"href":"https:\/\/www.nsa.smsm.lt\/old\/wp-json\/wp\/v2\/comments?post=27470"}],"version-history":[{"count":0,"href":"https:\/\/www.nsa.smsm.lt\/old\/wp-json\/wp\/v2\/posts\/27470\/revisions"}],"wp:attachment":[{"href":"https:\/\/www.nsa.smsm.lt\/old\/wp-json\/wp\/v2\/media?parent=27470"}],"wp:term":[{"taxonomy":"category","embeddable":true,"href":"https:\/\/www.nsa.smsm.lt\/old\/wp-json\/wp\/v2\/categories?post=27470"},{"taxonomy":"post_tag","embeddable":true,"href":"https:\/\/www.nsa.smsm.lt\/old\/wp-json\/wp\/v2\/tags?post=27470"}],"curies":[{"name":"wp","href":"https:\/\/api.w.org\/{rel}","templated":true}]}}