{"id":27216,"date":"2021-11-19T12:26:41","date_gmt":"2021-11-19T10:26:41","guid":{"rendered":"https:\/\/www.nsa.smsm.lt\/old\/?p=27216"},"modified":"2021-11-22T12:26:54","modified_gmt":"2021-11-22T10:26:54","slug":"nsa-atstovai-vaiku-tarybos-posedyje-aptare-itraukti-svietime","status":"publish","type":"post","link":"https:\/\/www.nsa.smsm.lt\/old\/2021\/11\/19\/nsa-atstovai-vaiku-tarybos-posedyje-aptare-itraukti-svietime\/","title":{"rendered":"N\u0160A atstovai Vaik\u0173 Tarybos pos\u0117dyje aptar\u0117 \u012ftraukt\u012f \u0161vietime"},"content":{"rendered":"<p>\u0160iandien LR Prezident\u016broje vykusiame Vaik\u0173 Tarybos\u00a0pos\u0117dyje \u012ftraukties \u0161vietime klausimais Nacionalin\u0117s \u0161vietimo agent\u016bros\u00a0\u012etraukties pl\u0117tros skyriaus ved\u0117ja Lina Pala\u010dionien\u0117 ir specialioji pedagog\u0117 Asta Lauciuvien\u0117\u00a0pristat\u0117\u00a0\u012ftraukiojo ugdymo samprat\u0105 bei \u012ftraukiojo ugdymo \u012fgyvendinimo galimybes.<\/p>\n<p>Pos\u0117d\u017eio metu\u00a0taip pat vyko aktyvios,\u00a0 \u012fdomios diskusijos, kuri\u0173 metu buvo keliami \u012fvair\u016bs klausimai, ie\u0161koma tinkam\u0173 sprendim\u0173 galimybi\u0173.<\/p>\n<p>N\u0160A atstovi\u0173 teigimu, tikimasi produktyvaus bendradarbiavimo\u00a0\u012ftraukties \u0161vietime klausimais su\u00a0Vaik\u0173 Taryba ir ateityje.<\/p>\n","protected":false},"excerpt":{"rendered":"<p>\u0160iandien LR Prezident\u016broje vykusiame Vaik\u0173 Tarybos\u00a0pos\u0117dyje \u012ftraukties \u0161vietime klausimais Nacionalin\u0117s \u0161vietimo agent\u016bros\u00a0\u012etraukties pl\u0117tros skyriaus ved\u0117ja Lina Pala\u010dionien\u0117 ir specialioji pedagog\u0117 Asta Lauciuvien\u0117\u00a0pristat\u0117\u00a0\u012ftraukiojo ugdymo samprat\u0105 bei \u012ftraukiojo ugdymo \u012fgyvendinimo galimybes. Pos\u0117d\u017eio metu\u00a0taip pat vyko aktyvios,\u00a0 \u012fdomios diskusijos, kuri\u0173 metu buvo keliami&nbsp;<a href=\"https:\/\/www.nsa.smsm.lt\/old\/2021\/11\/19\/nsa-atstovai-vaiku-tarybos-posedyje-aptare-itraukti-svietime\/\" class=\"placiau\">Pla\u010diau <i class=\"fa fa-caret-right\"><\/i><\/a><\/p>\n","protected":false},"author":5,"featured_media":0,"comment_status":"open","ping_status":"open","sticky":false,"template":"","format":"standard","meta":{"_acf_changed":false,"footnotes":""},"categories":[1,21],"tags":[],"class_list":["post-27216","post","type-post","status-publish","format-standard","hentry","category-nacionalines-svietimo-agenturos-naujienos","category-naujienu-archyvas"],"acf":[],"_links":{"self":[{"href":"https:\/\/www.nsa.smsm.lt\/old\/wp-json\/wp\/v2\/posts\/27216","targetHints":{"allow":["GET"]}}],"collection":[{"href":"https:\/\/www.nsa.smsm.lt\/old\/wp-json\/wp\/v2\/posts"}],"about":[{"href":"https:\/\/www.nsa.smsm.lt\/old\/wp-json\/wp\/v2\/types\/post"}],"author":[{"embeddable":true,"href":"https:\/\/www.nsa.smsm.lt\/old\/wp-json\/wp\/v2\/users\/5"}],"replies":[{"embeddable":true,"href":"https:\/\/www.nsa.smsm.lt\/old\/wp-json\/wp\/v2\/comments?post=27216"}],"version-history":[{"count":0,"href":"https:\/\/www.nsa.smsm.lt\/old\/wp-json\/wp\/v2\/posts\/27216\/revisions"}],"wp:attachment":[{"href":"https:\/\/www.nsa.smsm.lt\/old\/wp-json\/wp\/v2\/media?parent=27216"}],"wp:term":[{"taxonomy":"category","embeddable":true,"href":"https:\/\/www.nsa.smsm.lt\/old\/wp-json\/wp\/v2\/categories?post=27216"},{"taxonomy":"post_tag","embeddable":true,"href":"https:\/\/www.nsa.smsm.lt\/old\/wp-json\/wp\/v2\/tags?post=27216"}],"curies":[{"name":"wp","href":"https:\/\/api.w.org\/{rel}","templated":true}]}}