{"id":26444,"date":"2021-11-09T09:04:49","date_gmt":"2021-11-09T07:04:49","guid":{"rendered":"https:\/\/www.nsa.smsm.lt\/old\/?p=26444"},"modified":"2021-11-09T09:15:49","modified_gmt":"2021-11-09T07:15:49","slug":"pasikeitimai-lietuviu-kalbos-ir-literaturos-programos-atnaujintoju-komandoje","status":"publish","type":"post","link":"https:\/\/www.nsa.smsm.lt\/old\/2021\/11\/09\/pasikeitimai-lietuviu-kalbos-ir-literaturos-programos-atnaujintoju-komandoje\/","title":{"rendered":"Pasikeitimai lietuvi\u0173 kalbos ir literat\u016bros programos atnaujintoj\u0173 komandoje"},"content":{"rendered":"<p>Nacionalin\u0117 \u0161vietimo agent\u016bra (N\u0160A) prane\u0161a, jog \u012fvyko pokytis lietuvi\u0173 kalbos ir literat\u016bros 11-12 kl. programos atnaujintoj\u0173 grup\u0117je.<\/p>\n<p>\u201ePatvirtiname, kad i\u0161 ekspert\u0173 grup\u0117s vadovo pareig\u0173 traukiasi N\u0160A Ugdymo turinio rengimo skyriaus metodinink\u0117 dr. Zita Nauck\u016bnait\u0117\u201c, \u2013 teigia N\u0160A direktor\u0117 R\u016bta Krasauskien\u0117. \u2013 \u201ePo diskusij\u0173 su \u0160vietimo, mokslo ir sporto ministerija bei pa\u010dia Z. Nauck\u016bnaite, kartu pri\u0117m\u0117me sprendim\u0105, kuris yra tinkamiausias visoms pus\u0117ms. Dr. Z. Nauck\u016bnait\u0117 traukiasi tik i\u0161 \u0161ios grup\u0117s vadovo pareig\u0173, j\u012f t\u0119s darbus Agent\u016broje kaip metodinink\u0117. D\u0117kojame Zitai u\u017e jos ind\u0117l\u012f ir daugyb\u0119 skirto laiko programos atnaujinimui\u201c.<\/p>\n<p>\u201ePer ateinan\u010di\u0105 savait\u0119 bus ie\u0161koma naujo grup\u0117s vadovo, lietuvi\u0173 kalbos ir literat\u016bros specialisto, kuris geb\u0117t\u0173 t\u0119sti prad\u0117tus atnaujinimo darbus, koordinuot\u0173 vie\u0161\u0105 diskusij\u0105 su \u0161vietimo bendruomene bei kartu rast\u0173 bendr\u0105 sprendim\u0105 kilusiems i\u0161\u0161\u016bkiams\u201c.<\/p>\n<p>Toliau visus kvie\u010diame iki gruod\u017eio 15 d. teikti konstruktyvius pasi\u016blymus visam programos projektui el. pa\u0161tu mokykla2030@nsa.smm.lt.<\/p>\n","protected":false},"excerpt":{"rendered":"<p>Nacionalin\u0117 \u0161vietimo agent\u016bra (N\u0160A) prane\u0161a, jog \u012fvyko pokytis lietuvi\u0173 kalbos ir literat\u016bros 11-12 kl. programos atnaujintoj\u0173 grup\u0117je. \u201ePatvirtiname, kad i\u0161 ekspert\u0173 grup\u0117s vadovo pareig\u0173 traukiasi N\u0160A Ugdymo turinio rengimo skyriaus metodinink\u0117 dr. Zita Nauck\u016bnait\u0117\u201c, \u2013 teigia N\u0160A direktor\u0117 R\u016bta Krasauskien\u0117.&nbsp;<a href=\"https:\/\/www.nsa.smsm.lt\/old\/2021\/11\/09\/pasikeitimai-lietuviu-kalbos-ir-literaturos-programos-atnaujintoju-komandoje\/\" class=\"placiau\">Pla\u010diau <i class=\"fa fa-caret-right\"><\/i><\/a><\/p>\n","protected":false},"author":5,"featured_media":0,"comment_status":"open","ping_status":"open","sticky":false,"template":"","format":"standard","meta":{"_acf_changed":false,"footnotes":""},"categories":[1,21],"tags":[],"class_list":["post-26444","post","type-post","status-publish","format-standard","hentry","category-nacionalines-svietimo-agenturos-naujienos","category-naujienu-archyvas"],"acf":[],"_links":{"self":[{"href":"https:\/\/www.nsa.smsm.lt\/old\/wp-json\/wp\/v2\/posts\/26444","targetHints":{"allow":["GET"]}}],"collection":[{"href":"https:\/\/www.nsa.smsm.lt\/old\/wp-json\/wp\/v2\/posts"}],"about":[{"href":"https:\/\/www.nsa.smsm.lt\/old\/wp-json\/wp\/v2\/types\/post"}],"author":[{"embeddable":true,"href":"https:\/\/www.nsa.smsm.lt\/old\/wp-json\/wp\/v2\/users\/5"}],"replies":[{"embeddable":true,"href":"https:\/\/www.nsa.smsm.lt\/old\/wp-json\/wp\/v2\/comments?post=26444"}],"version-history":[{"count":0,"href":"https:\/\/www.nsa.smsm.lt\/old\/wp-json\/wp\/v2\/posts\/26444\/revisions"}],"wp:attachment":[{"href":"https:\/\/www.nsa.smsm.lt\/old\/wp-json\/wp\/v2\/media?parent=26444"}],"wp:term":[{"taxonomy":"category","embeddable":true,"href":"https:\/\/www.nsa.smsm.lt\/old\/wp-json\/wp\/v2\/categories?post=26444"},{"taxonomy":"post_tag","embeddable":true,"href":"https:\/\/www.nsa.smsm.lt\/old\/wp-json\/wp\/v2\/tags?post=26444"}],"curies":[{"name":"wp","href":"https:\/\/api.w.org\/{rel}","templated":true}]}}