{"id":26226,"date":"2021-10-26T16:17:39","date_gmt":"2021-10-26T14:17:39","guid":{"rendered":"https:\/\/www.nsa.smsm.lt\/old\/?p=26226"},"modified":"2021-10-26T18:46:42","modified_gmt":"2021-10-26T16:46:42","slug":"pratesta-registracija-i-projekto-tesk-mokymus","status":"publish","type":"post","link":"https:\/\/www.nsa.smsm.lt\/old\/2021\/10\/26\/pratesta-registracija-i-projekto-tesk-mokymus\/","title":{"rendered":"Prat\u0119sta registracija \u012f projekto \u201eT\u0119sk\u201c mokymus"},"content":{"rendered":"<p><img loading=\"lazy\" decoding=\"async\" class=\"alignnone wp-image-25345\" src=\"https:\/\/www.nsa.smsm.lt\/old\/old\/wp-content\/uploads\/2021\/09\/foto2-300x138.jpg\" alt=\"\" width=\"281\" height=\"130\" srcset=\"https:\/\/www.nsa.smsm.lt\/old\/wp-content\/uploads\/2021\/09\/foto2-300x138.jpg 300w, https:\/\/www.nsa.smsm.lt\/old\/wp-content\/uploads\/2021\/09\/foto2.jpg 447w\" sizes=\"auto, (max-width: 281px) 100vw, 281px\" \/>\u00a0 \u00a0<img loading=\"lazy\" decoding=\"async\" class=\"alignnone wp-image-25347\" src=\"https:\/\/www.nsa.smsm.lt\/old\/old\/wp-content\/uploads\/2021\/09\/foto-3-300x99.png\" alt=\"\" width=\"337\" height=\"111\" srcset=\"https:\/\/www.nsa.smsm.lt\/old\/wp-content\/uploads\/2021\/09\/foto-3-300x99.png 300w, https:\/\/www.nsa.smsm.lt\/old\/wp-content\/uploads\/2021\/09\/foto-3.png 389w\" sizes=\"auto, (max-width: 337px) 100vw, 337px\" \/>\u00a0 <img loading=\"lazy\" decoding=\"async\" class=\"alignnone wp-image-25350\" src=\"https:\/\/www.nsa.smsm.lt\/old\/old\/wp-content\/uploads\/2021\/09\/foto-4.jpg\" alt=\"\" width=\"271\" height=\"93\" \/> <img loading=\"lazy\" decoding=\"async\" class=\"alignnone wp-image-25352\" src=\"https:\/\/www.nsa.smsm.lt\/old\/old\/wp-content\/uploads\/2021\/09\/foto-5.png\" alt=\"\" width=\"132\" height=\"145\" \/><\/p>\n<p>Kvie\u010diame dalyvauti projekto \u201eT\u0119sk\u201c Pedagog\u0173 kompetencij\u0173 vertinimo instrument\u0173 taikymo mokymuose ir susipa\u017einti su svarbiu pedagog\u0173 bendruomenei dokumentu &#8211; atnaujintu Pedagogo profesijos kompetencij\u0173 apra\u0161o pirminiu projektu, jo turiniu ir praktinio pritaikymo nauda; i\u0161mokti taikyti kompetencij\u0173 vertinimo instrumentus, \u012fsivertinti savo kompetencijas, tikslingai planuoti tolesn\u012f profesin\u012f augim\u0105 bei tobul\u0117jim\u0105. <strong>Registruotis \u012f mokymus kvie\u010diame <\/strong>ikimokyklinio, pradinio ugdymo pedagogus, mokytojus dalykininkus, neformaliojo \u0161vietimo mokytojus, profesijos mokytojus, \u0161vietimo pagalbos specialistus bei \u0161vietimo administravimo darbuotojus \u2013 ugdymo \u012fstaig\u0173 vadovus, j\u0173 pavaduotojus ar skyri\u0173 ved\u0117jus, ir kitus asmenis, atsakingus u\u017e ugdym\u0105, darbuotoj\u0173 vertinim\u0105.<\/p>\n<table class=\"table table-responsive\" width=\"100%\">\n<tbody>\n<tr>\n<td width=\"198\"><strong>Kod\u0117l verta dalyvauti?<\/strong><\/td>\n<td width=\"510\">Mokym\u0173 metu su\u017einosite apie atnaujint\u0105 Pedagogo profesijos kompetencij\u0173 apra\u0161\u0105, jo turin\u012f, kompetencij\u0173 apra\u0161o taikymo galimybi\u0173 s\u0105sajas su kvalifikacijos tobulinimu.<\/td>\n<\/tr>\n<tr>\n<td rowspan=\"2\" width=\"198\"><strong>Kokia mokym\u0173 programa?<\/strong><\/td>\n<\/tr>\n<tr>\n<td width=\"510\"><strong>\u201ePedagogo kompetencijos apra\u0161as ir jo praktinis taikymas<\/strong>\u201c, apima \u0161iuos modulius: 1. \u201eProfesin\u0117s kult\u016bros srities kompetencijos\u201c (10 akad. val.); \u00a02. \u201eProfesin\u0117s ugdymo veiklos srities kompetencijos\u201c (10 akad. val.); 3. \u201eProfesin\u0117s bendruomenin\u0117s veiklos srities kompetencijos\u201c (10 akad. val.); 4. \u201eProfesinio augimo srities kompetencijos\u201c (10 akad. val.).<\/td>\n<\/tr>\n<tr>\n<td width=\"198\"><strong>Kiek valand\u0173 trunka mokymai?<\/strong><\/p>\n<p>&nbsp;<\/td>\n<td width=\"510\">Kiekvienos \u00a0programos trukm\u0117 40 akad. val. (5 d. po 8 akad. val.)<\/td>\n<\/tr>\n<tr>\n<td width=\"198\"><strong>Ar mokymai mokami?<\/strong><\/p>\n<p>&nbsp;<\/td>\n<td width=\"510\">Nemokami.<\/td>\n<\/tr>\n<tr>\n<td width=\"198\"><strong>Ar bus i\u0161duodami pa\u017eym\u0117jimai?<\/strong><\/p>\n<p>&nbsp;<\/td>\n<td width=\"510\">S\u0117kmingai baigusiems program\u0105 mokym\u0173 dalyviams (dalyvavusiems\u00a0 mokymuose ne ma\u017eiau kaip 75 procentus) bus i\u0161duodami 40 akad.\u00a0 val. kvalifikacijos\u00a0 tobulinimo pa\u017eym\u0117jimai.<\/td>\n<\/tr>\n<tr>\n<td width=\"198\"><strong>Kas organizuoja ir veda mokymus?<\/strong><\/p>\n<p>&nbsp;<\/td>\n<td width=\"510\">Mokymus organizuoja ir veda: <strong>UAB \u201e\u017dmogaus studij\u0173 centras\u201c <\/strong>&#8211; lektoriai, turintys ilgamet\u0119, \u012fvairiapus\u0119 mokym\u0173 program\u0173 rengimo, mokym\u0173 ir konsultavimo, vadybos, \u017emogi\u0161k\u0173j\u0173 i\u0161tekli\u0173 valdymo, poky\u010di\u0173 \u012fgyvendinimo patirt\u012f.<\/p>\n<p>&nbsp;<\/p>\n<p><strong>Dr. Edita Dere\u0161kevi\u010di\u016bt\u0117<\/strong>, psicholog\u0117, UAB \u201e\u017dmogaus studij\u0173 centras\u201c viceprezident\u0117, Psichologijos akademijos organizacin\u0117s psichologijos studij\u0173 krypties vadov\u0117, Lietuvos taikomosios psichologijos asociacijos viceprezident\u0117.<\/p>\n<p><strong>Doc. dr. Tomas Butvilas, <\/strong>edukologas, UAB \u201e\u017dmogaus studij\u0173 centras\u201c lektorius, docentas MRU, LR Ekonomikos ir inovacij\u0173 ministerijos \u017dmogi\u0161k\u0173j\u0173 i\u0161tekli\u0173 skyriaus projekt\u0173 ekspertas\/vadovas.<\/p>\n<p><strong>R\u016bta Rudminaitien\u0117,<\/strong> psicholog\u0117 (magistro laipsnis), UAB \u201e\u017dmogaus studij\u0173 centras\u201c konsultant\u0117-lektor\u0117.<\/td>\n<\/tr>\n<tr>\n<td width=\"198\"><strong>Kur vyks mokymai?<\/strong><\/p>\n<p>&nbsp;<\/td>\n<td width=\"510\">Mokymai vyks:\u00a0 ZOOM,\u00a0 MC Teams platformoje.<\/td>\n<\/tr>\n<tr>\n<td rowspan=\"2\" width=\"198\"><strong>\u00a0<\/strong><\/p>\n<p><strong>Kur registruotis?*<\/strong><\/p>\n<p><strong>\u00a0<\/strong><\/p>\n<p><strong>\u00a0<\/strong><\/p>\n<p><strong>\u00a0<\/strong><\/p>\n<p><strong>\u00a0<\/strong><\/p>\n<p><strong>\u00a0<\/strong><\/td>\n<\/tr>\n<tr>\n<td width=\"510\">\u012e kvalifikacijos tobulinimo\u00a0 program\u0105 <strong>\u201ePedagogo kompetencijos apra\u0161as ir jo praktinis taikymas\u201c<\/strong> kvie\u010diame u\u017esiregistruoti pagal pasirinkt\u0105 grup\u0119 ir datas paspaudus nuorod\u0105<\/p>\n<table style=\"height: 651px;\" width=\"810\">\n<tbody>\n<tr>\n<td width=\"49\"><\/td>\n<td width=\"66\">I\u00a0 sesija<\/p>\n<p>8 akad. val.<\/td>\n<td width=\"102\">II\u00a0 sesija<\/p>\n<p>16 akad. val.<\/td>\n<td width=\"79\">III sesija<\/p>\n<p>16 akad. val.<\/td>\n<td width=\"195\"><\/td>\n<\/tr>\n<tr>\n<td width=\"49\">5 grup\u0117<\/td>\n<td width=\"66\">2021-11-30<\/td>\n<td width=\"102\">2021-12-13-14<\/td>\n<td width=\"79\">2022-01-27-28<\/td>\n<td width=\"195\"><a href=\"https:\/\/forms.office.com\/r\/BA6wSVx0HV\">https:\/\/forms.office.com\/r\/BA6wSVx0HV<\/a><\/td>\n<\/tr>\n<tr>\n<td width=\"49\">6 grup\u0117<\/td>\n<td width=\"66\">2021-11-19<\/td>\n<td width=\"102\">2021-12-16-17<\/td>\n<td width=\"79\">2022-01-20-21<\/td>\n<td width=\"195\"><a href=\"https:\/\/forms.office.com\/r\/dqzzLtWnrk\">https:\/\/forms.office.com\/r\/dqzzLtWnrk<\/a><\/td>\n<\/tr>\n<tr>\n<td width=\"49\">7 grup\u0117<\/td>\n<td width=\"66\">2022-01-06<\/td>\n<td width=\"102\">2022-01-11-12<\/td>\n<td width=\"79\">2022-01-25-26<\/td>\n<td width=\"195\"><a href=\"https:\/\/forms.office.com\/r\/xhk7ThWKM7\">https:\/\/forms.office.com\/r\/xhk7ThWKM7<\/a><\/td>\n<\/tr>\n<tr>\n<td width=\"49\">8 grup\u0117<\/td>\n<td width=\"66\">2022-01-07<\/td>\n<td width=\"102\">2022-01-18-19<\/td>\n<td width=\"79\">2022-01-27-28<\/td>\n<td width=\"195\"><a href=\"https:\/\/forms.office.com\/r\/Dezf2UHpbZ\">https:\/\/forms.office.com\/r\/Dezf2UHpbZ<\/a><\/td>\n<\/tr>\n<\/tbody>\n<\/table>\n<\/td>\n<\/tr>\n<tr>\n<td width=\"198\"><strong>\u012e k\u0105 kreiptis k<\/strong><strong>ilus klausim\u0173 ar neai\u0161kum\u0173? <\/strong><\/p>\n<p><strong>\u00a0<\/strong><\/td>\n<td width=\"510\">Konsultacijas teikia &#8211; projekto \u201eT\u0119sk\u201c 3.1.2 veiklos metodinink\u0117 Regina \u017dukien\u0117, \u00a0tel. 8 640 10906, el. p.\u00a0 <a href=\"mailto:regina.zukiene@nsa.smm.lt\">regina.zukiene@nsa.smm.lt<\/a><\/td>\n<\/tr>\n<\/tbody>\n<\/table>\n<p>*Detali kiekvien\u0173 mokym\u0173 programa ir prisijungimo nuoroda bus atsi\u0173sta asmeni\u0161kai kiekvienam dalyviui, u\u017esiregistravusiam \u012f mokymus.<\/p>\n<p>Nacionalin\u0117s \u0161vietimo agent\u016bros \u012fgyvendinamas projektas \u201eT\u0119sk\u201c finansuojamas i\u0161 Europos socialinio fondo ir Lietuvos Respublikos valstyb\u0117s biud\u017eeto l\u0117\u0161\u0173, pagal Lietuvos Respublikos \u0161vietimo ir mokslo ministro 2017 m. rugpj\u016b\u010dio 25 d. \u012fsakymu V-646 patvirtinto 2014\u20132020 met\u0173 Europos S\u0105jungos fond\u0173 investicij\u0173 veiksm\u0173 programos 9 prioriteto \u201eVisuomen\u0117s \u0161vietimas ir \u017emogi\u0161k\u0173j\u0173 i\u0161tekli\u0173 potencialo didinimas 09.2.1-ESFA-V-727 priemon\u0119 \u201eMokytoj\u0173 ir kit\u0173 \u0161vietimo sistemos darbuotoj\u0173 kvalifikacijos tobulinimas\u201c.<\/p>\n<p>&nbsp;<\/p>\n","protected":false},"excerpt":{"rendered":"<p>Kvie\u010diame dalyvauti projekto \u201eT\u0119sk\u201c Pedagog\u0173 kompetencij\u0173 vertinimo instrument\u0173 taikymo mokymuose ir susipa\u017einti su svarbiu pedagog\u0173 bendruomenei dokumentu &#8211; atnaujintu Pedagogo profesijos kompetencij\u0173 apra\u0161o pirminiu projektu, jo turiniu ir praktinio pritaikymo nauda; i\u0161mokti taikyti kompetencij\u0173 vertinimo instrumentus, \u012fsivertinti savo kompetencijas, tikslingai planuoti tolesn\u012f profesin\u012f augim\u0105 bei tobul\u0117jim\u0105.<\/p>\n","protected":false},"author":5,"featured_media":0,"comment_status":"open","ping_status":"open","sticky":false,"template":"","format":"standard","meta":{"_acf_changed":false,"footnotes":""},"categories":[1,19,21],"tags":[],"class_list":["post-26226","post","type-post","status-publish","format-standard","hentry","category-nacionalines-svietimo-agenturos-naujienos","category-projektu-naujienos","category-naujienu-archyvas"],"acf":[],"_links":{"self":[{"href":"https:\/\/www.nsa.smsm.lt\/old\/wp-json\/wp\/v2\/posts\/26226","targetHints":{"allow":["GET"]}}],"collection":[{"href":"https:\/\/www.nsa.smsm.lt\/old\/wp-json\/wp\/v2\/posts"}],"about":[{"href":"https:\/\/www.nsa.smsm.lt\/old\/wp-json\/wp\/v2\/types\/post"}],"author":[{"embeddable":true,"href":"https:\/\/www.nsa.smsm.lt\/old\/wp-json\/wp\/v2\/users\/5"}],"replies":[{"embeddable":true,"href":"https:\/\/www.nsa.smsm.lt\/old\/wp-json\/wp\/v2\/comments?post=26226"}],"version-history":[{"count":0,"href":"https:\/\/www.nsa.smsm.lt\/old\/wp-json\/wp\/v2\/posts\/26226\/revisions"}],"wp:attachment":[{"href":"https:\/\/www.nsa.smsm.lt\/old\/wp-json\/wp\/v2\/media?parent=26226"}],"wp:term":[{"taxonomy":"category","embeddable":true,"href":"https:\/\/www.nsa.smsm.lt\/old\/wp-json\/wp\/v2\/categories?post=26226"},{"taxonomy":"post_tag","embeddable":true,"href":"https:\/\/www.nsa.smsm.lt\/old\/wp-json\/wp\/v2\/tags?post=26226"}],"curies":[{"name":"wp","href":"https:\/\/api.w.org\/{rel}","templated":true}]}}