{"id":26045,"date":"2021-10-19T10:47:09","date_gmt":"2021-10-19T08:47:09","guid":{"rendered":"https:\/\/www.nsa.smsm.lt\/old\/?p=26045"},"modified":"2021-10-19T11:09:28","modified_gmt":"2021-10-19T09:09:28","slug":"vaizdo-pamoku-ciklas-gramatikos-ir-zodyno-klaidos","status":"publish","type":"post","link":"https:\/\/www.nsa.smsm.lt\/old\/2021\/10\/19\/vaizdo-pamoku-ciklas-gramatikos-ir-zodyno-klaidos\/","title":{"rendered":"Vaizdo pamok\u0173 ciklas \u201eGramatikos ir \u017eodyno klaidos\u201c"},"content":{"rendered":"<p>Mokytojo TV interneto platformoje paskelbtas Lietuvi\u0173 kalbos ir literat\u016bros mokytoj\u0173 s\u0105jungos valdybos nar\u0117s Zinos Kuncien\u0117s parengtas gramatikos kartojimo vaizdo pamok\u0173 ciklas \u201eGramatikos ir \u017eodyno klaidos\u201c. Vaizdo pamokos gali pad\u0117ti abiturientams pasiruo\u0161ti lietuvi\u0173 kalbos ir literat\u016bros valstybiniam brandos egzaminui.<\/p>\n<ol>\n<li><a href=\"https:\/\/mokytojotv.emokykla.lt\/2021\/09\/lietuviu-kalbos-ir-literaturos-mokytoju_21.html\"><u>\u017dod\u017ei\u0173 form\u0173 vartojimo klaidos<\/u>.<\/a> Aptariami b\u016bdingesni gramatini\u0173 \u017eod\u017ei\u0173 form\u0173 vartojimo atvejai ir da\u017eniau pasitaikan\u010dios klaidos.<\/li>\n<li><a href=\"https:\/\/mokytojotv.emokykla.lt\/2021\/09\/lietuviu-kalbos-ir-literaturos-mokytoju_22.html\"><u>\u017dodyno klaidos<\/u><\/a>. Supa\u017eindinama su dvejybini\u0173 linksni\u0173 vartojimu, aptariamos da\u017eniausios klaidos.<\/li>\n<li><a href=\"https:\/\/mokytojotv.emokykla.lt\/2021\/09\/lietuviu-kalbos-ir-literaturos-mokytoju_4.html\"><u>Semantizmai<\/u><\/a>. Aptariamos pagrindin\u0117s semantizm\u0173 vartojimo klaidos ir atkreipiamas d\u0117mesys \u012f kai kuri\u0173 \u017eod\u017ei\u0173 reik\u0161mi\u0173 skirtumus. Kartojamas neasmenuojam\u0173 veiksma\u017eod\u017eio form\u0173 vartojimas, aptariami probleminiai vartojimo atvejai.<\/li>\n<li><a href=\"https:\/\/mokytojotv.emokykla.lt\/2021\/09\/lietuviu-kalbos-ir-literaturos-mokytoju_11.html\"><u>Sakinio dali\u0173 ir sakini\u0173 jungimo klaidos<\/u><\/a>. Aptariami probleminiai sakini\u0173 ir sakinio dali\u0173 jungimo atvejai.<\/li>\n<li><a href=\"https:\/\/mokytojotv.emokykla.lt\/2021\/09\/lietuviu-kalbos-ir-literaturos-mokytoju_54.html\"><u>Prielinksni\u0173 ir polinksni\u0173 vartojimas<\/u><\/a>. Kartojamas prielinksni\u0173 ir polinksni\u0173 vartojimas, aptariami probleminiai atvejai.<\/li>\n<li><a href=\"https:\/\/mokytojotv.emokykla.lt\/2021\/09\/lietuviu-kalbos-ir-literaturos-mokytoju_29.html\"><u>Neasmenuojam\u0173j\u0173 veiksma\u017eod\u017eio form\u0173 vartojimas<\/u><\/a>. Kartojamas neasmenuojam\u0173j\u0173 veiksma\u017eod\u017ei\u0173 form\u0173 vartojimas.<\/li>\n<li><a href=\"https:\/\/mokytojotv.emokykla.lt\/2021\/09\/lietuviu-kalbos-ir-literaturos-mokytoju_65.html\"><u>Linksni\u0173 vartojimo klaidos<\/u><\/a>. Supa\u017eindinama su linksni\u0173 vartojimo specifika ir aptariamos pagrindin\u0117s linksni\u0173 vartojimo klaidos.<\/li>\n<li><a href=\"https:\/\/mokytojotv.emokykla.lt\/2021\/09\/lietuviu-kalbos-ir-literaturos-mokytoju_30.html\"><u>Dvejybini\u0173 linksni\u0173 vartojimas<\/u><\/a>. Supa\u017eindinama su dvejybini\u0173 linksni\u0173 vartojimu ir aptariamos da\u017eniausios klaidos.<\/li>\n<li><a href=\"https:\/\/mokytojotv.emokykla.lt\/2021\/09\/lietuviu-kalbos-ir-literaturos-mokytoju_24.html\"><u>\u017dod\u017ei\u0173 sandaros klaidos<\/u><\/a>. Aptariamos da\u017eniausios \u017eod\u017ei\u0173 darybos klaidos.<\/li>\n<li><a href=\"https:\/\/mokytojotv.emokykla.lt\/2021\/09\/lietuviu-kalbos-ir-literaturos-mokytoju_52.html\"><u>Dalies kilmininko vartojimas<\/u><\/a>. Kartojamas dalies kilmininko vartojimas, aptariami probleminiai jo vartojimo atvejai.<\/li>\n<\/ol>\n","protected":false},"excerpt":{"rendered":"<p>Mokytojo TV interneto platformoje paskelbtas Lietuvi\u0173 kalbos ir literat\u016bros mokytoj\u0173 s\u0105jungos valdybos nar\u0117s Zinos Kuncien\u0117s parengtas gramatikos kartojimo vaizdo pamok\u0173 ciklas \u201eGramatikos ir \u017eodyno klaidos\u201c. Vaizdo pamokos gali pad\u0117ti abiturientams pasiruo\u0161ti lietuvi\u0173 kalbos ir literat\u016bros valstybiniam brandos egzaminui. \u017dod\u017ei\u0173 form\u0173&nbsp;<a href=\"https:\/\/www.nsa.smsm.lt\/old\/2021\/10\/19\/vaizdo-pamoku-ciklas-gramatikos-ir-zodyno-klaidos\/\" class=\"placiau\">Pla\u010diau <i class=\"fa fa-caret-right\"><\/i><\/a><\/p>\n","protected":false},"author":5,"featured_media":0,"comment_status":"open","ping_status":"open","sticky":false,"template":"","format":"standard","meta":{"_acf_changed":false,"footnotes":""},"categories":[1,16,21],"tags":[],"class_list":["post-26045","post","type-post","status-publish","format-standard","hentry","category-nacionalines-svietimo-agenturos-naujienos","category-egzaminai","category-naujienu-archyvas"],"acf":[],"_links":{"self":[{"href":"https:\/\/www.nsa.smsm.lt\/old\/wp-json\/wp\/v2\/posts\/26045","targetHints":{"allow":["GET"]}}],"collection":[{"href":"https:\/\/www.nsa.smsm.lt\/old\/wp-json\/wp\/v2\/posts"}],"about":[{"href":"https:\/\/www.nsa.smsm.lt\/old\/wp-json\/wp\/v2\/types\/post"}],"author":[{"embeddable":true,"href":"https:\/\/www.nsa.smsm.lt\/old\/wp-json\/wp\/v2\/users\/5"}],"replies":[{"embeddable":true,"href":"https:\/\/www.nsa.smsm.lt\/old\/wp-json\/wp\/v2\/comments?post=26045"}],"version-history":[{"count":0,"href":"https:\/\/www.nsa.smsm.lt\/old\/wp-json\/wp\/v2\/posts\/26045\/revisions"}],"wp:attachment":[{"href":"https:\/\/www.nsa.smsm.lt\/old\/wp-json\/wp\/v2\/media?parent=26045"}],"wp:term":[{"taxonomy":"category","embeddable":true,"href":"https:\/\/www.nsa.smsm.lt\/old\/wp-json\/wp\/v2\/categories?post=26045"},{"taxonomy":"post_tag","embeddable":true,"href":"https:\/\/www.nsa.smsm.lt\/old\/wp-json\/wp\/v2\/tags?post=26045"}],"curies":[{"name":"wp","href":"https:\/\/api.w.org\/{rel}","templated":true}]}}