{"id":25799,"date":"2021-10-05T06:00:19","date_gmt":"2021-10-05T04:00:19","guid":{"rendered":"https:\/\/www.nsa.smsm.lt\/old\/?p=25799"},"modified":"2021-10-08T14:14:07","modified_gmt":"2021-10-08T12:14:07","slug":"atrinktos-mokyklos-dalyvausiancios-atnaujinamu-bendruju-programu-diegimo-tyrime","status":"publish","type":"post","link":"https:\/\/www.nsa.smsm.lt\/old\/2021\/10\/05\/atrinktos-mokyklos-dalyvausiancios-atnaujinamu-bendruju-programu-diegimo-tyrime\/","title":{"rendered":"Atrinktos mokyklos, dalyvausian\u010dios atnaujinam\u0173 bendr\u0173j\u0173 program\u0173 diegimo tyrime"},"content":{"rendered":"<p><strong>Skelbiamas\u00a0mokykl\u0173, atrinkt\u0173 dalyvauti Nacionalin\u0117s \u0161vietimo agent\u016bros (N\u0160A) organizuojamame\u00a0Mokykl\u0173 pasirengimo diegti atnaujintas pradinio, pagrindinio ir vidurinio ugdymo bendr\u0105sias programas veiklos tyrime, s\u0105ra\u0161as.<\/strong><\/p>\n<p><a style=\"font-style: inherit; font-weight: inherit;\" href=\"https:\/\/www.mokykla2030.lt\/wp-content\/uploads\/2021\/10\/Priedas-m-lu-sarasas_09_30.pdf\">Mokykl\u0173 s\u0105ra\u0161as<\/a><\/p>\n<p><a style=\"font-style: inherit; font-weight: inherit;\" href=\"https:\/\/www.mokykla2030.lt\/wp-content\/uploads\/2021\/10\/isak-09-30.pdf\">\u0160MSM ministr\u0117s \u012fsakymas<\/a><\/p>\n<p>\u0160iandien \u0161vietimo, mokslo ir sporto ministr\u0117s Jurgitos \u0160iug\u017edinien\u0117s\u00a0\u012fsakymu\u00a0patvirtintos\u00a030 \u0161alies bendrojo ugdymo mokykl\u0173, kurios\u00a0su tyr\u0117j\u0173 pagalba\u00a0prisid\u0117s prie atnaujinam\u0173 bendr\u0173j\u0173 program\u0173 projekt\u0173 tobulinimo bei\u00a0teiks rekomendacijas, kaip s\u0117kmingai diegti atnaujint\u0105 turin\u012f.\u00a0Pla\u010diau apie\u00a0tyrim\u0105\u00a0<a style=\"font-style: inherit; font-weight: inherit;\" href=\"https:\/\/www.nsa.smsm.lt\/old\/old\/wp-content\/uploads\/2021\/08\/Tyrimo-tvarkos-aprasas.pdf\">&gt;&gt;&gt;&gt;<\/a><\/p>\n<p>Tyrimas,\u00a0kuris\u00a0prasid\u0117s\u00a0spal\u012f, truks iki 2022 m. baland\u017eio m\u0117nesio.\u00a0Atnaujintas programas mokyklose planuojama diegti 2023 m.<\/p>\n","protected":false},"excerpt":{"rendered":"<p>Skelbiamas\u00a0mokykl\u0173, atrinkt\u0173 dalyvauti Nacionalin\u0117s \u0161vietimo agent\u016bros (N\u0160A) organizuojamame\u00a0Mokykl\u0173 pasirengimo diegti atnaujintas pradinio, pagrindinio ir vidurinio ugdymo bendr\u0105sias programas veiklos tyrime, s\u0105ra\u0161as.<\/p>\n","protected":false},"author":5,"featured_media":0,"comment_status":"open","ping_status":"open","sticky":false,"template":"","format":"standard","meta":{"_acf_changed":false,"footnotes":""},"categories":[1,21],"tags":[],"class_list":["post-25799","post","type-post","status-publish","format-standard","hentry","category-nacionalines-svietimo-agenturos-naujienos","category-naujienu-archyvas"],"acf":[],"_links":{"self":[{"href":"https:\/\/www.nsa.smsm.lt\/old\/wp-json\/wp\/v2\/posts\/25799","targetHints":{"allow":["GET"]}}],"collection":[{"href":"https:\/\/www.nsa.smsm.lt\/old\/wp-json\/wp\/v2\/posts"}],"about":[{"href":"https:\/\/www.nsa.smsm.lt\/old\/wp-json\/wp\/v2\/types\/post"}],"author":[{"embeddable":true,"href":"https:\/\/www.nsa.smsm.lt\/old\/wp-json\/wp\/v2\/users\/5"}],"replies":[{"embeddable":true,"href":"https:\/\/www.nsa.smsm.lt\/old\/wp-json\/wp\/v2\/comments?post=25799"}],"version-history":[{"count":0,"href":"https:\/\/www.nsa.smsm.lt\/old\/wp-json\/wp\/v2\/posts\/25799\/revisions"}],"wp:attachment":[{"href":"https:\/\/www.nsa.smsm.lt\/old\/wp-json\/wp\/v2\/media?parent=25799"}],"wp:term":[{"taxonomy":"category","embeddable":true,"href":"https:\/\/www.nsa.smsm.lt\/old\/wp-json\/wp\/v2\/categories?post=25799"},{"taxonomy":"post_tag","embeddable":true,"href":"https:\/\/www.nsa.smsm.lt\/old\/wp-json\/wp\/v2\/tags?post=25799"}],"curies":[{"name":"wp","href":"https:\/\/api.w.org\/{rel}","templated":true}]}}