{"id":25765,"date":"2021-10-05T08:56:37","date_gmt":"2021-10-05T06:56:37","guid":{"rendered":"https:\/\/www.nsa.smsm.lt\/old\/?p=25765"},"modified":"2021-10-05T09:28:32","modified_gmt":"2021-10-05T07:28:32","slug":"sveikiname-visus-pedagogus-su-tarptautine-mokytoju-diena","status":"publish","type":"post","link":"https:\/\/www.nsa.smsm.lt\/old\/2021\/10\/05\/sveikiname-visus-pedagogus-su-tarptautine-mokytoju-diena\/","title":{"rendered":"Sveikiname visus pedagogus su Tarptautine mokytoj\u0173 diena!"},"content":{"rendered":"<p>\u0160ia proga, norime pasidalinti specialiu nuotrauk\u0173 albumu bei m\u016bs\u0173 Agent\u016bros koleg\u0173 prisiminimais apie savo buvusius mokytojus.<\/p>\n<p>Linkime, jog pra\u0117jus net de\u0161imtme\u010diams po mokyklos baigimo neu\u017emir\u0161tume J\u0173 pamok\u0173, skirto laiko, pastang\u0173 ir praleist\u0173 akimirk\u0173 kartu.<\/p>\n<p><img loading=\"lazy\" decoding=\"async\" class=\"size-medium wp-image-25767 aligncenter\" src=\"https:\/\/www.nsa.smsm.lt\/old\/old\/wp-content\/uploads\/2021\/10\/foto-1-225x300.jpg\" alt=\"\" width=\"225\" height=\"300\" srcset=\"https:\/\/www.nsa.smsm.lt\/old\/wp-content\/uploads\/2021\/10\/foto-1-225x300.jpg 225w, https:\/\/www.nsa.smsm.lt\/old\/wp-content\/uploads\/2021\/10\/foto-1-768x1024.jpg 768w, https:\/\/www.nsa.smsm.lt\/old\/wp-content\/uploads\/2021\/10\/foto-1.jpg 960w\" sizes=\"auto, (max-width: 225px) 100vw, 225px\" \/><\/p>\n<p><strong>R\u016aTA:\u00a0<\/strong><em>\u201eM\u016bs\u0173 klas\u0119 buvo galima laikyti \u201elinksma kompanija\u201c, kuri gerokai patamp\u0117 aukl\u0117tojos Laimos nervus, ta\u010diau a\u0161 prisimenu m\u016bs\u0173 tautines vakarones, m\u016bs\u0173 ekskursij\u0105 \u012f Talin\u0105, m\u016bs\u0173 \u0161okius, m\u016bs\u0173 dainas, m\u016bs\u0173 teism\u0105 per \u0161imtadien\u012f bei m\u016bs\u0173 a\u0161aras per Paskutin\u012f skambut\u012f\u201c.<\/em><\/p>\n<p>&nbsp;<\/p>\n<p><img loading=\"lazy\" decoding=\"async\" class=\"size-medium wp-image-25771 aligncenter\" src=\"https:\/\/www.nsa.smsm.lt\/old\/old\/wp-content\/uploads\/2021\/10\/foto-2-225x300.jpg\" alt=\"\" width=\"225\" height=\"300\" srcset=\"https:\/\/www.nsa.smsm.lt\/old\/wp-content\/uploads\/2021\/10\/foto-2-225x300.jpg 225w, https:\/\/www.nsa.smsm.lt\/old\/wp-content\/uploads\/2021\/10\/foto-2-768x1024.jpg 768w, https:\/\/www.nsa.smsm.lt\/old\/wp-content\/uploads\/2021\/10\/foto-2.jpg 960w\" sizes=\"auto, (max-width: 225px) 100vw, 225px\" \/><\/p>\n<p><strong>ASTA:<\/strong><em>\u00a0\u201eLabai d\u017eiaugiuosi, jog mokytoja Zina, mano aukl\u0117toja, nebaig\u0117 \u201ekadencijos\u201c 1994 metais, o liko m\u016bs\u0173 aukl\u0117toja iki dabar: aplanko mus kiekviename klas\u0117s susitikime, reaguoja paskelbus naujienas socialiniuose tinkluose, reflektuoja, pakreipia mus bei neleid\u017eia mums pasenti\u201c.<\/em><\/p>\n<p><img loading=\"lazy\" decoding=\"async\" class=\"size-medium wp-image-25773 aligncenter\" src=\"https:\/\/www.nsa.smsm.lt\/old\/old\/wp-content\/uploads\/2021\/10\/foto-3-225x300.jpg\" alt=\"\" width=\"225\" height=\"300\" srcset=\"https:\/\/www.nsa.smsm.lt\/old\/wp-content\/uploads\/2021\/10\/foto-3-225x300.jpg 225w, https:\/\/www.nsa.smsm.lt\/old\/wp-content\/uploads\/2021\/10\/foto-3-768x1024.jpg 768w, https:\/\/www.nsa.smsm.lt\/old\/wp-content\/uploads\/2021\/10\/foto-3.jpg 960w\" sizes=\"auto, (max-width: 225px) 100vw, 225px\" \/><\/p>\n<p><strong>ANA:<\/strong><em>\u00a0\u201eLabai \u0161vies\u016bs bei mieli prisiminimai. Gerai pamenu nuotraukoje matomas mokytojas: Teres\u0105 ir klas\u0117s aukl\u0117toj\u0105 Genoef\u0105, kurios jau su mumis neb\u0117ra. Ji nuo 5 iki 12 klas\u0117s mus aukl\u0117jo, lyd\u0117jo ir myl\u0117jo\u201c.<\/em><\/p>\n<p><img loading=\"lazy\" decoding=\"async\" class=\"size-medium wp-image-25775 aligncenter\" src=\"https:\/\/www.nsa.smsm.lt\/old\/old\/wp-content\/uploads\/2021\/10\/foto-4-225x300.jpg\" alt=\"\" width=\"225\" height=\"300\" srcset=\"https:\/\/www.nsa.smsm.lt\/old\/wp-content\/uploads\/2021\/10\/foto-4-225x300.jpg 225w, https:\/\/www.nsa.smsm.lt\/old\/wp-content\/uploads\/2021\/10\/foto-4-768x1024.jpg 768w, https:\/\/www.nsa.smsm.lt\/old\/wp-content\/uploads\/2021\/10\/foto-4.jpg 960w\" sizes=\"auto, (max-width: 225px) 100vw, 225px\" \/><\/p>\n<p><strong>JURGITA:<\/strong>\u00a0<em>\u201eSu pa\u010diu geriausiu klas\u0117s aukl\u0117toju Algirdu Koliniu Paskutinio skambu\u010dio \u0161vent\u0117je\u201c.<\/em><\/p>\n<p><img loading=\"lazy\" decoding=\"async\" class=\"size-medium wp-image-25776 aligncenter\" src=\"https:\/\/www.nsa.smsm.lt\/old\/old\/wp-content\/uploads\/2021\/10\/Foto-5-225x300.jpg\" alt=\"\" width=\"225\" height=\"300\" srcset=\"https:\/\/www.nsa.smsm.lt\/old\/wp-content\/uploads\/2021\/10\/Foto-5-225x300.jpg 225w, https:\/\/www.nsa.smsm.lt\/old\/wp-content\/uploads\/2021\/10\/Foto-5-768x1024.jpg 768w, https:\/\/www.nsa.smsm.lt\/old\/wp-content\/uploads\/2021\/10\/Foto-5.jpg 960w\" sizes=\"auto, (max-width: 225px) 100vw, 225px\" \/><\/p>\n<p><strong>LORETA IR MARGARITA:<\/strong>\u00a0<em>\u201eM\u016bs\u0173 mokytoja Saul\u0117, kuri\u0105 pa\u017einome mokykliniais laikais, o dabar pa\u017e\u012fstame ir kaip savo koleg\u0119 Agent\u016broje. O atrodo lyg vakar&#8230; A\u010cI\u016a, miela Mokytoja, u\u017e pamokas. Vertingas tada ir dabar\u201c.<\/em><\/p>\n","protected":false},"excerpt":{"rendered":"<p>\u0160ia proga, norime pasidalinti specialiu nuotrauk\u0173 albumu bei m\u016bs\u0173 Agent\u016bros koleg\u0173 prisiminimais apie savo buvusius mokytojus. Linkime, jog pra\u0117jus net de\u0161imtme\u010diams po mokyklos baigimo neu\u017emir\u0161tume J\u0173 pamok\u0173, skirto laiko, pastang\u0173 ir praleist\u0173 akimirk\u0173 kartu. R\u016aTA:\u00a0\u201eM\u016bs\u0173 klas\u0119 buvo galima laikyti \u201elinksma&nbsp;<a href=\"https:\/\/www.nsa.smsm.lt\/old\/2021\/10\/05\/sveikiname-visus-pedagogus-su-tarptautine-mokytoju-diena\/\" class=\"placiau\">Pla\u010diau <i class=\"fa fa-caret-right\"><\/i><\/a><\/p>\n","protected":false},"author":5,"featured_media":0,"comment_status":"open","ping_status":"open","sticky":false,"template":"","format":"standard","meta":{"_acf_changed":false,"footnotes":""},"categories":[1],"tags":[],"class_list":["post-25765","post","type-post","status-publish","format-standard","hentry","category-nacionalines-svietimo-agenturos-naujienos"],"acf":[],"_links":{"self":[{"href":"https:\/\/www.nsa.smsm.lt\/old\/wp-json\/wp\/v2\/posts\/25765","targetHints":{"allow":["GET"]}}],"collection":[{"href":"https:\/\/www.nsa.smsm.lt\/old\/wp-json\/wp\/v2\/posts"}],"about":[{"href":"https:\/\/www.nsa.smsm.lt\/old\/wp-json\/wp\/v2\/types\/post"}],"author":[{"embeddable":true,"href":"https:\/\/www.nsa.smsm.lt\/old\/wp-json\/wp\/v2\/users\/5"}],"replies":[{"embeddable":true,"href":"https:\/\/www.nsa.smsm.lt\/old\/wp-json\/wp\/v2\/comments?post=25765"}],"version-history":[{"count":0,"href":"https:\/\/www.nsa.smsm.lt\/old\/wp-json\/wp\/v2\/posts\/25765\/revisions"}],"wp:attachment":[{"href":"https:\/\/www.nsa.smsm.lt\/old\/wp-json\/wp\/v2\/media?parent=25765"}],"wp:term":[{"taxonomy":"category","embeddable":true,"href":"https:\/\/www.nsa.smsm.lt\/old\/wp-json\/wp\/v2\/categories?post=25765"},{"taxonomy":"post_tag","embeddable":true,"href":"https:\/\/www.nsa.smsm.lt\/old\/wp-json\/wp\/v2\/tags?post=25765"}],"curies":[{"name":"wp","href":"https:\/\/api.w.org\/{rel}","templated":true}]}}