{"id":25656,"date":"2021-09-27T14:03:21","date_gmt":"2021-09-27T12:03:21","guid":{"rendered":"https:\/\/www.nsa.smsm.lt\/old\/?p=25656"},"modified":"2021-09-28T07:18:05","modified_gmt":"2021-09-28T05:18:05","slug":"projekto-tesk-baigiamoji-konferencija","status":"publish","type":"post","link":"https:\/\/www.nsa.smsm.lt\/old\/2021\/09\/27\/projekto-tesk-baigiamoji-konferencija\/","title":{"rendered":"Projekto \u201eT\u0119sk\u201c baigiamoji konferencija"},"content":{"rendered":"<p><img loading=\"lazy\" decoding=\"async\" class=\"size-large wp-image-25673 aligncenter\" src=\"https:\/\/www.nsa.smsm.lt\/old\/old\/wp-content\/uploads\/2021\/09\/tesk-1024x105.jpg\" alt=\"\" width=\"1024\" height=\"105\" srcset=\"https:\/\/www.nsa.smsm.lt\/old\/wp-content\/uploads\/2021\/09\/tesk-1024x105.jpg 1024w, https:\/\/www.nsa.smsm.lt\/old\/wp-content\/uploads\/2021\/09\/tesk-300x31.jpg 300w, https:\/\/www.nsa.smsm.lt\/old\/wp-content\/uploads\/2021\/09\/tesk-768x79.jpg 768w, https:\/\/www.nsa.smsm.lt\/old\/wp-content\/uploads\/2021\/09\/tesk-1536x158.jpg 1536w, https:\/\/www.nsa.smsm.lt\/old\/wp-content\/uploads\/2021\/09\/tesk.jpg 1984w\" sizes=\"auto, (max-width: 1024px) 100vw, 1024px\" \/><\/p>\n<p>2021 m. spalio 7 d. Nacionalin\u0117 \u0161vietimo agent\u016bra, \u012fgyvendindama projekt\u0105 \u201eT\u0119sk\u201c, organizuoja baigiam\u0105j\u0105 projekto konferencij\u0105.<\/p>\n<p><strong>Konferencijos tikslas <\/strong>\u2013 aptarti pradedan\u010di\u0173j\u0173 pedagog\u0173 sta\u017euot\u0117s, pedagog\u0173 kvalifikacijos tobulinimo, mentoryst\u0117s sistemas bei dalintis projekte \u012fgyta ger\u0105ja patirtimi. Lietuvos ir u\u017esienio \u0161ali\u0173 mokslininkai bei praktikai (projekte \u201eT\u0119sk\u201c pedagogin\u0119 sta\u017euot\u0119 i\u0161band\u0119 pedagogai, ugdymo \u012fstaig\u0173 vadovai, savivaldos atstovai) kvie\u010diami pristatyti s\u0117km\u0117s istorijas, aptarti i\u0161\u0161\u016bkius, i\u0161ry\u0161kinti \u0161vietimo bendruomen\u0117s l\u016bkes\u010dius pradedan\u010di\u0173j\u0173 pedagog\u0173 sta\u017euot\u0117s modelio \u012fgyvendinimui.<\/p>\n<p><strong>Konferencijos prane\u0161\u0117jai:<\/strong><\/p>\n<p><strong>Dr. Hugo Verkest (Belgija)<\/strong> \u2013 \u0161vietimo ekspertas, tarptautini\u0173 \u0161vietimo projekt\u0173 koordinatorius, 2014 m. CICEA apdovanotas u\u017e i\u0161skirtinius pasiekimus.<\/p>\n<p><strong>Dr. Phil Lambert (Australija)<\/strong> \u2013 tarptautiniu mastu pripa\u017eintas ugdymo ekspertas, apdovanotas Australijos tarnybos medaliu u\u017e puik\u0173 ind\u0117l\u012f \u012f \u0161vietim\u0105, Australijos \u0161vietimo koled\u017eo sero Haroldo Wyndhamo medaliu, Naujojo Piet\u0173 Velso mokytoj\u0173 gildijos Phylliso Evanso medaliu.<\/p>\n<p><strong>Jane English (Jungtin\u0117 Karalyst\u0117)<\/strong> \u2013 Jungtin\u0117s Karalyst\u0117s mokykl\u0173 lyderyst\u0117s konsultant\u0117, 2016 m. u\u017e darb\u0105 \u0161vietimo srityje \u012fvertinta Pearson apdovanojimu u\u017e viso gyvenimo nuopelnus.<\/p>\n<p>&nbsp;<\/p>\n<p><strong>Konferencijos moderatorius <\/strong>\u2013 \u017eurnalistas Aurimas Perednis.<\/p>\n<p>&nbsp;<\/p>\n<p><strong><a href=\"https:\/\/www.nsa.smsm.lt\/old\/old\/wp-content\/uploads\/2021\/09\/Konferencijos-darbotvarke.pdf\">Konferencijos darbotvark\u0117<\/a><\/strong><\/p>\n<p>&nbsp;<\/p>\n<p>Konferencijos vaizdo \u012fra\u0161as bus skelbiamas Nacionalin\u0117s \u0161vietimo agent\u016bros paskyroje, socialinio tinklo \u201eYouTube\u201c kanale.<\/p>\n<p>&nbsp;<\/p>\n<p>Kilus klausimams kreipkit\u0117s \u012f projekto \u201eT\u0119sk\u201c 2.1.1-2.1.2 veikl\u0173 specialist\u0119 Nering\u0105 Jacobsen, tel. +370 624 76 392, el. p. <a href=\"mailto:Neringa.Jacobsen@nsa.smm.lt\">Neringa.Jacobsen@nsa.smm.lt<\/a><\/p>\n<p><em>\u00a0<\/em><\/p>\n<p><em>Nacionalin\u0117s \u0161vietimo agent\u016bros \u012fgyvendinamas projektas \u201eT\u0119sk\u201c finansuojamas Europos socialinio fondo ir Lietuvos Respublikos valstyb\u0117s biud\u017eeto l\u0117\u0161omis, pagal Lietuvos Respublikos \u0161vietimo ir mokslo ministro 2017 m. rugpj\u016b\u010dio 25 d. \u012fsakymu Nr. V-646 patvirtinto 2014\u20132020 met\u0173 Europos S\u0105jungos fond\u0173 investicij\u0173 veiksm\u0173 programos 9 prioriteto \u201eVisuomen\u0117s \u0161vietimas ir \u017emogi\u0161k\u0173j\u0173 i\u0161tekli\u0173 potencialo didinimas\u201c (projekto kodas 09.2.1-ESFA-V-727) priemon\u0119 \u201eMokytoj\u0173 ir kit\u0173 \u0161vietimo sistemos darbuotoj\u0173 kvalifikacijos tobulinimas\u201c.<\/em><\/p>\n","protected":false},"excerpt":{"rendered":"<p>2021 m. spalio 7 d. Nacionalin\u0117 \u0161vietimo agent\u016bra, \u012fgyvendindama projekt\u0105 \u201eT\u0119sk\u201c, organizuoja baigiam\u0105j\u0105 projekto konferencij\u0105.<\/p>\n<p>Konferencijos tikslas \u2013 aptarti pradedan\u010di\u0173j\u0173 pedagog\u0173 sta\u017euot\u0117s, pedagog\u0173 kvalifikacijos tobulinimo, mentoryst\u0117s sistemas bei dalintis projekte \u012fgyta ger\u0105ja patirtimi. Lietuvos ir u\u017esienio \u0161ali\u0173 mokslininkai bei praktikai (projekte \u201eT\u0119sk\u201c pedagogin\u0119 sta\u017euot\u0119 i\u0161band\u0119 pedagogai, ugdymo \u012fstaig\u0173 vadovai, savivaldos atstovai) kvie\u010diami pristatyti s\u0117km\u0117s istorijas, aptarti i\u0161\u0161\u016bkius, i\u0161ry\u0161kinti \u0161vietimo bendruomen\u0117s l\u016bkes\u010dius pradedan\u010di\u0173j\u0173 pedagog\u0173 sta\u017euot\u0117s modelio \u012fgyvendinimui.<\/p>\n","protected":false},"author":5,"featured_media":0,"comment_status":"open","ping_status":"open","sticky":false,"template":"","format":"standard","meta":{"_acf_changed":false,"footnotes":""},"categories":[1,19,17,21],"tags":[],"class_list":["post-25656","post","type-post","status-publish","format-standard","hentry","category-nacionalines-svietimo-agenturos-naujienos","category-projektu-naujienos","category-renginiai","category-naujienu-archyvas"],"acf":[],"_links":{"self":[{"href":"https:\/\/www.nsa.smsm.lt\/old\/wp-json\/wp\/v2\/posts\/25656","targetHints":{"allow":["GET"]}}],"collection":[{"href":"https:\/\/www.nsa.smsm.lt\/old\/wp-json\/wp\/v2\/posts"}],"about":[{"href":"https:\/\/www.nsa.smsm.lt\/old\/wp-json\/wp\/v2\/types\/post"}],"author":[{"embeddable":true,"href":"https:\/\/www.nsa.smsm.lt\/old\/wp-json\/wp\/v2\/users\/5"}],"replies":[{"embeddable":true,"href":"https:\/\/www.nsa.smsm.lt\/old\/wp-json\/wp\/v2\/comments?post=25656"}],"version-history":[{"count":0,"href":"https:\/\/www.nsa.smsm.lt\/old\/wp-json\/wp\/v2\/posts\/25656\/revisions"}],"wp:attachment":[{"href":"https:\/\/www.nsa.smsm.lt\/old\/wp-json\/wp\/v2\/media?parent=25656"}],"wp:term":[{"taxonomy":"category","embeddable":true,"href":"https:\/\/www.nsa.smsm.lt\/old\/wp-json\/wp\/v2\/categories?post=25656"},{"taxonomy":"post_tag","embeddable":true,"href":"https:\/\/www.nsa.smsm.lt\/old\/wp-json\/wp\/v2\/tags?post=25656"}],"curies":[{"name":"wp","href":"https:\/\/api.w.org\/{rel}","templated":true}]}}