{"id":25474,"date":"2021-09-17T09:25:52","date_gmt":"2021-09-17T07:25:52","guid":{"rendered":"https:\/\/www.nsa.smsm.lt\/old\/?p=25474"},"modified":"2021-09-17T09:27:53","modified_gmt":"2021-09-17T07:27:53","slug":"kvietimas-prisijungti-prie-nacionalinio-judumo-issukio","status":"publish","type":"post","link":"https:\/\/www.nsa.smsm.lt\/old\/2021\/09\/17\/kvietimas-prisijungti-prie-nacionalinio-judumo-issukio\/","title":{"rendered":"Kvietimas prisijungti prie Nacionalinio judumo i\u0161\u0161\u016bkio"},"content":{"rendered":"<p>Kvie\u010diame prisijungti prie Lietuvos Respublikos Prezidento kanceliarijos organizuojamos \u017ealiosios iniciatyvos \u2013\u00a0<a href=\"https:\/\/walk15.lt\/nacionalinis-judumo-issukis\/\"><strong>Nacionalinio judumo i\u0161\u0161\u016bkio<\/strong><\/a>.<\/p>\n<p>Nacionalinis judumo i\u0161\u0161\u016bkis\u00a0\u2013\u00a0<strong>rugs\u0117jo 16 d.\u00a0<\/strong>startavusi iniciatyva, kuri kvie\u010dia du\u00a0m\u0117nesius automobilius i\u0161keisti \u012f \u017eingsnius ir taip prisid\u0117ti prie aplinkai draugi\u0161kos Lietuvos k\u016brimo ir fizin\u0117s bei emocin\u0117s sveikatos gerinimo.<\/p>\n<p>Nacionalin\u012f judumo i\u0161\u0161\u016bk\u012f sudaro 6 i\u0161\u0161\u016bkiai: miest\u0173, mokykl\u0173, auk\u0161t\u0173j\u0173 mokykl\u0173, bendruomeni\u0173, u\u017esienio lietuvi\u0173 ir organizacij\u0173.<\/p>\n<p>Kvie\u010diame\u00a0mokyklas ir \u0161vietimo institucijas priimti Nacionalin\u012f judumo i\u0161\u0161\u016bk\u012f.<\/p>\n<p>Daugiau informacijos apie iniciatyv\u0105 galite rasti\u00a0<a href=\"https:\/\/walk15.lt\/nacionalinis-judumo-issukis\/\">\u010dia<\/a>.<\/p>\n<p>I\u0161\u0161\u016bkio pabaigoje bus paskelbti ir apdovanoti trys aktyviausios komandos i\u0161 kiekvienos kategorijos.<\/p>\n<p>Kurkime \u017eali\u0105 Lietuv\u0105 kartu!<\/p>\n","protected":false},"excerpt":{"rendered":"<p>Kvie\u010diame prisijungti prie Lietuvos Respublikos Prezidento kanceliarijos organizuojamos \u017ealiosios iniciatyvos \u2013\u00a0Nacionalinio judumo i\u0161\u0161\u016bkio. Nacionalinis judumo i\u0161\u0161\u016bkis\u00a0\u2013\u00a0rugs\u0117jo 16 d.\u00a0startavusi iniciatyva, kuri kvie\u010dia du\u00a0m\u0117nesius automobilius i\u0161keisti \u012f \u017eingsnius ir taip prisid\u0117ti prie aplinkai draugi\u0161kos Lietuvos k\u016brimo ir fizin\u0117s bei emocin\u0117s sveikatos gerinimo.&nbsp;<a href=\"https:\/\/www.nsa.smsm.lt\/old\/2021\/09\/17\/kvietimas-prisijungti-prie-nacionalinio-judumo-issukio\/\" class=\"placiau\">Pla\u010diau <i class=\"fa fa-caret-right\"><\/i><\/a><\/p>\n","protected":false},"author":5,"featured_media":0,"comment_status":"open","ping_status":"open","sticky":false,"template":"","format":"standard","meta":{"_acf_changed":false,"footnotes":""},"categories":[20],"tags":[],"class_list":["post-25474","post","type-post","status-publish","format-standard","hentry","category-kitos-naujienos"],"acf":[],"_links":{"self":[{"href":"https:\/\/www.nsa.smsm.lt\/old\/wp-json\/wp\/v2\/posts\/25474","targetHints":{"allow":["GET"]}}],"collection":[{"href":"https:\/\/www.nsa.smsm.lt\/old\/wp-json\/wp\/v2\/posts"}],"about":[{"href":"https:\/\/www.nsa.smsm.lt\/old\/wp-json\/wp\/v2\/types\/post"}],"author":[{"embeddable":true,"href":"https:\/\/www.nsa.smsm.lt\/old\/wp-json\/wp\/v2\/users\/5"}],"replies":[{"embeddable":true,"href":"https:\/\/www.nsa.smsm.lt\/old\/wp-json\/wp\/v2\/comments?post=25474"}],"version-history":[{"count":0,"href":"https:\/\/www.nsa.smsm.lt\/old\/wp-json\/wp\/v2\/posts\/25474\/revisions"}],"wp:attachment":[{"href":"https:\/\/www.nsa.smsm.lt\/old\/wp-json\/wp\/v2\/media?parent=25474"}],"wp:term":[{"taxonomy":"category","embeddable":true,"href":"https:\/\/www.nsa.smsm.lt\/old\/wp-json\/wp\/v2\/categories?post=25474"},{"taxonomy":"post_tag","embeddable":true,"href":"https:\/\/www.nsa.smsm.lt\/old\/wp-json\/wp\/v2\/tags?post=25474"}],"curies":[{"name":"wp","href":"https:\/\/api.w.org\/{rel}","templated":true}]}}