{"id":25429,"date":"2021-09-16T11:51:04","date_gmt":"2021-09-16T09:51:04","guid":{"rendered":"https:\/\/www.nsa.smsm.lt\/old\/?p=25429"},"modified":"2021-10-11T13:03:01","modified_gmt":"2021-10-11T11:03:01","slug":"kvieciame-pirmus-metus-dirbancius-pedagogus-ir-ju-mentorius-dalyvauti-projekte-tesk","status":"publish","type":"post","link":"https:\/\/www.nsa.smsm.lt\/old\/2021\/09\/16\/kvieciame-pirmus-metus-dirbancius-pedagogus-ir-ju-mentorius-dalyvauti-projekte-tesk\/","title":{"rendered":"Kvie\u010diame pirmus metus dirban\u010dius pedagogus ir j\u0173 mentorius dalyvauti projekte \u201eT\u0119sk\u201c"},"content":{"rendered":"<p><img loading=\"lazy\" decoding=\"async\" class=\"alignnone wp-image-25345\" src=\"https:\/\/www.nsa.smsm.lt\/old\/old\/wp-content\/uploads\/2021\/09\/foto2-300x138.jpg\" alt=\"\" width=\"281\" height=\"130\" srcset=\"https:\/\/www.nsa.smsm.lt\/old\/wp-content\/uploads\/2021\/09\/foto2-300x138.jpg 300w, https:\/\/www.nsa.smsm.lt\/old\/wp-content\/uploads\/2021\/09\/foto2.jpg 447w\" sizes=\"auto, (max-width: 281px) 100vw, 281px\" \/>\u00a0 \u00a0<img loading=\"lazy\" decoding=\"async\" class=\"alignnone wp-image-25347\" src=\"https:\/\/www.nsa.smsm.lt\/old\/old\/wp-content\/uploads\/2021\/09\/foto-3-300x99.png\" alt=\"\" width=\"337\" height=\"111\" srcset=\"https:\/\/www.nsa.smsm.lt\/old\/wp-content\/uploads\/2021\/09\/foto-3-300x99.png 300w, https:\/\/www.nsa.smsm.lt\/old\/wp-content\/uploads\/2021\/09\/foto-3.png 389w\" sizes=\"auto, (max-width: 337px) 100vw, 337px\" \/>\u00a0 <img loading=\"lazy\" decoding=\"async\" class=\"alignnone wp-image-25350\" src=\"https:\/\/www.nsa.smsm.lt\/old\/old\/wp-content\/uploads\/2021\/09\/foto-4.jpg\" alt=\"\" width=\"271\" height=\"93\" \/> <img loading=\"lazy\" decoding=\"async\" class=\"alignnone wp-image-25352\" src=\"https:\/\/www.nsa.smsm.lt\/old\/old\/wp-content\/uploads\/2021\/09\/foto-5.png\" alt=\"\" width=\"132\" height=\"145\" \/><\/p>\n<p>Maloniai kvie\u010diame pirmus metus dirban\u010dius pedagogus ir j\u0173 mentorius prisid\u0117ti prie sta\u017euot\u0117s modelio i\u0161bandymo.<\/p>\n<p>Pedagog\u0173 rengimo reglamente (2018) numatyta, kad pedagogin\u0119 sta\u017euot\u0119 atlieka kiekvienas pradedantysis pedagogas, o kiekviena \u0161vietimo \u012fstaiga sudaro s\u0105lygas pedagogin\u0117je sta\u017euot\u0117je dalyvauti. 2020\u20132021 \u2013 2021\u20132022 mokslo metais projekto dalyviams (pradedantiesiems pedagogams, j\u0173 mentoriams) bus sudarytos s\u0105lygos pasirengti kokybi\u0161kai organizuoti ir vykdyti sta\u017euot\u0117s proces\u0105: tobulinti pedagogines ir kt. kompetencijas, dalyvauti mokymuose, refleksijose, individualiose supervizijose, konsultuotis su auk\u0161t\u0173j\u0173 mokykl\u0173 d\u0117stytojais ir kt.<\/p>\n<p><strong>Registruotis pra\u0161ome iki 2021 m. rugs\u0117jo 24 d<\/strong>.<\/p>\n<table class=\"table table-responsive\">\n<tbody>\n<tr>\n<td width=\"142\"><strong>Kokie reikalavimai pradedantiems pedagogams, norintiems dalyvauti sta\u017euot\u0117je?<\/strong><\/p>\n<p>&nbsp;<\/td>\n<td width=\"548\">Pradedantieji pedagogai, \u012fdarbinti ikimokyklinio, prie\u0161mokyklinio, pradinio, pagrindinio ir vidurinio ugdymo programas \u012fgyvendinan\u010diose \u0161vietimo \u012fstaigose ir ketinantys dalyvauti sta\u017euot\u0117je, turi atitikti \u0161iuos reikalavimus:<\/p>\n<ol>\n<li><strong>B\u016bti \u012fgijus auk\u0161t\u0105j\u012f i\u0161silavinim\u0105.<\/strong><\/li>\n<li><strong>B\u016bti \u012fgijus pedagogo kvalifikacij\u0105.<\/strong><\/li>\n<li><strong>Pedagoginio darbo patirties po\u017ei\u016briu tenkinti vien\u0105 i\u0161 \u0161i\u0173 s\u0105lyg\u0173:<\/strong><\/li>\n<\/ol>\n<p>3.1. 2020\u20132021 \u2013 2021\u20132022 mokslo metai \u2013 pirmieji pedagoginio darbo metai po pedagogo kvalifikacijos \u012fgijimo (gali tur\u0117ti pedagoginio darbo patirties iki pedagogo kvalifikacijos \u012fgijimo).<\/p>\n<p>3.2. Turi iki 12 m\u0117n. ankstesn\u0117s pedagoginio darbo patirties ir gr\u012f\u017eta \u012f pedagogin\u012f darb\u0105 po ne ma\u017eiau kaip 5 met\u0173 pertraukos.<\/p>\n<p>3.3. Gr\u012f\u017eta dirbti pedagogin\u012f darb\u0105 po 10 met\u0173 ar ilgesn\u0117s pertraukos.<\/td>\n<\/tr>\n<tr>\n<td width=\"142\"><strong>Kokie renginiai si\u016blomi pradedantiesiems pedagogams ir j\u0173 mentoriams?<\/strong><\/p>\n<p>&nbsp;<\/td>\n<td width=\"548\"><strong>Pradedantieji pedagogai bus pakviesti \u012f:<\/strong><\/p>\n<p>&#8211; 5 dien\u0173 mokymus (2+1+2) pagal kvalifikacijos tobulinimo program\u0105 pradedantiesiems mokytojams \u201ePradedan\u010di\u0173j\u0173 mokytoj\u0173 profesini\u0173 geb\u0117jim\u0173 tobulinimas\u201c;<\/p>\n<p>&#8211; 1 dienos refleksij\u0105;<\/p>\n<p>&#8211; individualias supervizijas.<\/p>\n<p>&nbsp;<\/p>\n<p><strong>Mentoriai bus pakviesti \u012f:<\/strong><\/p>\n<p>&#8211; 5 dien\u0173 mokymus (2+1+2) pagal kvalifikacijos tobulinimo program\u0105 pradedantiesiems mokytojams \u201eMentoriaus praktini\u0173 geb\u0117jim\u0173 tobulinimas\u201c;<\/p>\n<p>&#8211; 1 dienos refleksij\u0105.<\/td>\n<\/tr>\n<tr>\n<td width=\"142\"><strong>Ar mokymai mokami?<\/strong><\/td>\n<td width=\"548\">Nemokami.<\/td>\n<\/tr>\n<tr>\n<td width=\"142\"><strong>Ar bus i\u0161duodami pa\u017eym\u0117jimai?<\/strong><\/td>\n<td width=\"548\">S\u0117kmingai baigusiems program\u0105 mokym\u0173 dalyviams (dalyvavusiems mokymuose ne ma\u017eiau kaip 75 procentus laiko) i\u0161duodami 40 akad. val. kvalifikacijos tobulinimo pa\u017eym\u0117jimai.<\/td>\n<\/tr>\n<tr>\n<td width=\"142\"><strong>Kur vyks mokymai?<\/strong><\/td>\n<td width=\"548\">Mokymai vyks vaizdo konferencij\u0173 ir pokalbi\u0173 platformoje \u201eZoom\u201c.<\/td>\n<\/tr>\n<tr>\n<td rowspan=\"2\" width=\"142\"><strong>Kur registruotis?*<\/strong><\/p>\n<p><strong>\u00a0<\/strong><\/td>\n<td width=\"548\"><strong>\u012e \u201ePradedan\u010di\u0173j\u0173 mokytoj\u0173 profesini\u0173 geb\u0117jim\u0173 tobulinimas\u201c program\u0105 <\/strong>(trukm\u0117, 40 akad. val.). Program\u0105 sudaro du moduliai:<\/p>\n<p>I modulis \u201ePradedan\u010diojo mokytojo savivaldus ugdymasis\u201c (trukm\u0117 24 akad. val., 3 d. mokymai).<\/p>\n<p>II modulis \u201ePradedan\u010diojo mokytojo bendravimo ir bendradarbiavimo kompetencij\u0173 tobulinimas\u201c (trukm\u0117 16 akad. val., 2 d. mokymai).<\/p>\n<p>Kvie\u010diame registruotis pagal pasirinkt\u0105 grup\u0119 ir datas (spustel\u0117kite nuorodos mygtuk\u0105 (\u017er. lentel\u0117je) \u201eregistruotis \u010dia\u201c):<\/p>\n<table style=\"height: 199px;\" width=\"823\">\n<tbody>\n<tr>\n<td width=\"87\"><\/td>\n<td width=\"123\">2 d.<\/td>\n<td width=\"104\">1 d.<\/td>\n<td width=\"123\">2 d.<\/td>\n<td width=\"95\"><\/td>\n<\/tr>\n<tr>\n<td width=\"87\">2.1.2.1-007 grup\u0117<\/td>\n<td width=\"123\">2021-10-06\u201307<\/td>\n<td width=\"104\">2021-10-15<\/td>\n<td width=\"123\">2021-10-28\u201329<\/td>\n<td width=\"95\"><a href=\"https:\/\/forms.gle\/eXyxiKqY2tHwYbfL7\">registruotis \u010dia<\/a><\/td>\n<\/tr>\n<tr>\n<td width=\"87\">2.1.2.1-008 grup\u0117<\/td>\n<td width=\"123\">2021-10-11\u201312<\/td>\n<td width=\"104\">2021-11-05<\/td>\n<td width=\"123\">2021-11-22\u201323<\/td>\n<td width=\"95\"><a href=\"https:\/\/forms.gle\/SeAp9KyozSZcYLzQ6\">registruotis \u010dia<\/a><\/td>\n<\/tr>\n<tr>\n<td width=\"87\">2.1.2.1-009 grup\u0117<\/td>\n<td width=\"123\">2021-10-18\u201319<\/td>\n<td width=\"104\">2021-11-08<\/td>\n<td width=\"123\">2021-11-18\u201319<\/td>\n<td width=\"95\"><a href=\"https:\/\/forms.gle\/xmhAiZSaFA6uGKe96\">registruotis \u010dia<\/a><\/td>\n<\/tr>\n<\/tbody>\n<\/table>\n<\/td>\n<\/tr>\n<tr>\n<td width=\"548\"><strong>\u012e \u201eMentoriaus praktini\u0173 geb\u0117jim\u0173 tobulinimas\u201c program\u0105<\/strong> (trukm\u0117 40 akad. val.). Program\u0105 sudaro du moduliai:<\/p>\n<p>I modulis \u201eMentoriaus vaidmenys ir svarba\u201c (trukm\u0117 16 akad. val., 2 d. mokymai).<\/p>\n<p>II modulis \u201ePradedan\u010diojo mokytojo savarankaus ir savaiminio mokymosi stimuliavimas\u201c (trukm\u0117 24 akad. val., 3 d. mokymai).<\/p>\n<p>Kvie\u010diame registruotis pagal pasirinkt\u0105 grup\u0119 ir datas (spustel\u0117kite nuorodos mygtuk\u0105 (\u017er. lentel\u0117je) \u201eregistruotis \u010dia\u201c):<\/p>\n<table style=\"height: 191px;\" width=\"814\">\n<tbody>\n<tr>\n<td width=\"87\"><\/td>\n<td width=\"123\">2 d.<\/td>\n<td width=\"104\">1 d.<\/td>\n<td width=\"123\">2 d.<\/td>\n<td width=\"95\"><\/td>\n<\/tr>\n<tr>\n<td width=\"87\">2.1.2.2-007 grup\u0117<\/td>\n<td width=\"123\">2021-10-06\u201307<\/td>\n<td width=\"104\">2021-10-18<\/td>\n<td width=\"123\">2021-11-04\u201305<\/td>\n<td width=\"95\"><a href=\"https:\/\/forms.gle\/zeMXa7jeaGfMihBSA\">registruotis \u010dia<\/a><\/td>\n<\/tr>\n<tr>\n<td width=\"87\">2.1.2.2-008 grup\u0117<\/td>\n<td width=\"123\">2021-10-11\u201312<\/td>\n<td width=\"104\">2021-11-03<\/td>\n<td width=\"123\">2021-11-11\u201312<\/td>\n<td width=\"95\"><a href=\"https:\/\/forms.gle\/AWYWt8HmM1bw7FXSA\">registruotis \u010dia<\/a><\/td>\n<\/tr>\n<tr>\n<td width=\"87\">2.1.2.2-009 grup\u0117<\/td>\n<td width=\"123\">2021-10-20\u201321<\/td>\n<td width=\"104\">2021-11-08<\/td>\n<td width=\"123\">2021-11-25\u201326<\/td>\n<td width=\"95\"><a href=\"https:\/\/forms.gle\/ceyL5eJxTkEHvNZDA\">registruotis \u010dia<\/a><\/td>\n<\/tr>\n<\/tbody>\n<\/table>\n<\/td>\n<\/tr>\n<tr>\n<td width=\"142\"><strong>\u012e k\u0105 kreiptis k<\/strong><strong>ilus klausim\u0173 ar neai\u0161kum\u0173?<\/strong><\/td>\n<td width=\"548\">Jums mielai patars projekto \u201eT\u0119sk\u201c 2.1.1-2.1.2 veikl\u0173 metodinink\u0117 Oksana Pa\u0161kevi\u010dien\u0117,<\/p>\n<p>tel. +370 601 13 907, el. p. <a href=\"mailto:oksana.paskeviciene@nsa.smm.lt\">oksana.paskeviciene@nsa.smm.lt<\/a>.<\/td>\n<\/tr>\n<\/tbody>\n<\/table>\n<p>&nbsp;<\/p>\n<p>*Detali kiekvien\u0173 mokym\u0173 programa ir prisijungimo nuoroda bus atsi\u0173sta asmeni\u0161kai kiekvienam dalyviui, u\u017esiregistravusiam \u012f mokymus.<\/p>\n<p>&nbsp;<\/p>\n<p>Nacionalin\u0117s \u0161vietimo agent\u016bros \u012fgyvendindamas projektas \u201eT\u0119sk\u201c finansuojamas Europos socialinio fondo ir Lietuvos Respublikos valstyb\u0117s biud\u017eeto l\u0117\u0161omis, pagal Lietuvos Respublikos \u0161vietimo ir mokslo ministro 2017 m. rugpj\u016b\u010dio 25 d. \u012fsakymu Nr. V-646 patvirtinto 2014\u20132020 met\u0173 Europos S\u0105jungos fond\u0173 investicij\u0173 veiksm\u0173 programos 9 prioriteto \u201eVisuomen\u0117s \u0161vietimas ir \u017emogi\u0161k\u0173j\u0173 i\u0161tekli\u0173 potencialo didinimas (projekto kodas 09.2.1-ESFA-V-727) priemon\u0119 \u201eMokytoj\u0173 ir kit\u0173 \u0161vietimo sistemos darbuotoj\u0173 kvalifikacijos tobulinimas\u201c.<\/p>\n<p>&nbsp;<\/p>\n<p>&nbsp;<\/p>\n","protected":false},"excerpt":{"rendered":"<p>Maloniai kvie\u010diame pirmus metus dirban\u010dius pedagogus ir j\u0173 mentorius prisid\u0117ti prie sta\u017euot\u0117s modelio i\u0161bandymo.<\/p>\n<p>Pedagog\u0173 rengimo reglamente (2018) numatyta, kad pedagogin\u0119 sta\u017euot\u0119 atlieka kiekvienas pradedantysis pedagogas, o kiekviena \u0161vietimo \u012fstaiga sudaro s\u0105lygas pedagogin\u0117je sta\u017euot\u0117je dalyvauti. 2020\u20132021 \u2013 2021\u20132022 mokslo metais projekto dalyviams (pradedantiesiems pedagogams, j\u0173 mentoriams) bus sudarytos s\u0105lygos pasirengti kokybi\u0161kai organizuoti ir vykdyti sta\u017euot\u0117s proces\u0105: tobulinti pedagogines ir kt. kompetencijas, dalyvauti mokymuose, refleksijose, individualiose supervizijose, konsultuotis su auk\u0161t\u0173j\u0173 mokykl\u0173 d\u0117stytojais ir kt.<\/p>\n","protected":false},"author":5,"featured_media":0,"comment_status":"open","ping_status":"open","sticky":false,"template":"","format":"standard","meta":{"_acf_changed":false,"footnotes":""},"categories":[1,19,18],"tags":[],"class_list":["post-25429","post","type-post","status-publish","format-standard","hentry","category-nacionalines-svietimo-agenturos-naujienos","category-projektu-naujienos","category-mokymai"],"acf":[],"_links":{"self":[{"href":"https:\/\/www.nsa.smsm.lt\/old\/wp-json\/wp\/v2\/posts\/25429","targetHints":{"allow":["GET"]}}],"collection":[{"href":"https:\/\/www.nsa.smsm.lt\/old\/wp-json\/wp\/v2\/posts"}],"about":[{"href":"https:\/\/www.nsa.smsm.lt\/old\/wp-json\/wp\/v2\/types\/post"}],"author":[{"embeddable":true,"href":"https:\/\/www.nsa.smsm.lt\/old\/wp-json\/wp\/v2\/users\/5"}],"replies":[{"embeddable":true,"href":"https:\/\/www.nsa.smsm.lt\/old\/wp-json\/wp\/v2\/comments?post=25429"}],"version-history":[{"count":0,"href":"https:\/\/www.nsa.smsm.lt\/old\/wp-json\/wp\/v2\/posts\/25429\/revisions"}],"wp:attachment":[{"href":"https:\/\/www.nsa.smsm.lt\/old\/wp-json\/wp\/v2\/media?parent=25429"}],"wp:term":[{"taxonomy":"category","embeddable":true,"href":"https:\/\/www.nsa.smsm.lt\/old\/wp-json\/wp\/v2\/categories?post=25429"},{"taxonomy":"post_tag","embeddable":true,"href":"https:\/\/www.nsa.smsm.lt\/old\/wp-json\/wp\/v2\/tags?post=25429"}],"curies":[{"name":"wp","href":"https:\/\/api.w.org\/{rel}","templated":true}]}}