{"id":25275,"date":"2021-09-07T15:30:40","date_gmt":"2021-09-07T13:30:40","guid":{"rendered":"https:\/\/www.nsa.smsm.lt\/old\/?p=25275"},"modified":"2021-10-09T15:14:40","modified_gmt":"2021-10-09T13:14:40","slug":"eurydice-paskelbe-ataskaitas-apie-2021-2022-mokslo-metu-organizavima-europos-mokyklose","status":"publish","type":"post","link":"https:\/\/www.nsa.smsm.lt\/old\/2021\/09\/07\/eurydice-paskelbe-ataskaitas-apie-2021-2022-mokslo-metu-organizavima-europos-mokyklose\/","title":{"rendered":"\u201eEurydice\u201c paskelb\u0117 ataskaitas apie 2021\u20132022 mokslo met\u0173 organizavim\u0105 Europos mokyklose"},"content":{"rendered":"<p>\u0160vietimo tinklas \u201eEurydice\u201c, teikiantis \u012fvairi\u0105 informacij\u0105 apie 37 \u0161ali\u0173 nacionalines \u0161vietimo sistemas ir j\u0173 veikimo ypatumus, paskelb\u0117 dvi naujas ataskaitas apie mokslo met\u0173 organizavim\u0105 Europos \u0161ali\u0173 mokyklose.<\/p>\n<p>&nbsp;<\/p>\n<p><em>Mokslo met\u0173 organizavimas Europoje. Pradinis, bendrasis pagrindinis ir vidurinis ugdymas \u2013 2021\/22<\/em><\/p>\n<h2><a href=\"https:\/\/eacea.ec.europa.eu\/national-policies\/eurydice\/node\/11853_en\">The Organisation of School Time in Europe Primary and General Secondary Education 2021\/22<\/a><\/h2>\n<p>\u0160ioje mokslo met\u0173 kalendori\u0173 ap\u017evalgoje skelbiami nacionaliniai duomenys apie mokslo met\u0173 trukm\u0119, j\u0173 prad\u017eios ir pabaigos datas, mokymosi atostog\u0173 laik\u0105 ir trukm\u0119 bei mokymosi dien\u0173 skai\u010di\u0173. \u0160i informacija pateikiama apie 37 \u0161ali\u0173, dalyvaujan\u010di\u0173 Erasmus + programoje, pradinio, bendrojo pagrindinio ir vidurinio ugdymo lygmenis.<\/p>\n<p><em>\u00a0<\/em><\/p>\n<p><em>Akademini\u0173\u00a0mokslo met\u0173 organizavimas \u2013 2021\/22<\/em><\/p>\n<h2><a href=\"https:\/\/eacea.ec.europa.eu\/national-policies\/eurydice\/node\/11854_en\">The Organisation of the Academic Year in Europe 2021\/22<\/a><\/h2>\n<p>Publikuojamoje akademini\u0173 mokslo met\u0173 kalendori\u0173 ap\u017evalgoje skelbiami nacionaliniai duomenys apie akademini\u0173 mokslo met\u0173 strukt\u016br\u0105 (j\u0173 prad\u017ei\u0105, pabaig\u0105, studij\u0173 semestr\u0173 trukm\u0119, atostogas ir egzamin\u0173 sesijas). Pateikiama informacija apie akademini\u0173 mokslo met\u0173 organizavim\u0105 37 \u0161alyse.<\/p>\n<p>&nbsp;<\/p>\n<p>Daugiau informacijos apie Europos \u0161vietimo sistemas ir \u0161vietimo srities leidinius galite rasti\u00a0<a href=\"https:\/\/eacea.ec.europa.eu\/national-policies\/eurydice\/\"><strong>\u201eEurydice\u201c interneto svetain\u0117je<\/strong><\/a>.<\/p>\n<p>&nbsp;<\/p>\n<p>Dr. Rima Zablack\u0117<\/p>\n<p>Nacionalin\u0117s \u0161vietimo agent\u016bros<\/p>\n<p>Steb\u0117senos ir vertinimo departamento<\/p>\n<p>\u0160vietimo politikos analiz\u0117s ir tyrim\u0173 skyriaus analitik\u0117<\/p>\n<p>\u201eEurydice\u201c tinklo Lietuvos nacionalinio skyriaus vadov\u0117<\/p>\n<p>El. p.\u00a0<a href=\"mailto:Rima.Zablacke@nsa.smm.lt\">Rima.Zablacke@nsa.smm.lt<\/a><\/p>\n","protected":false},"excerpt":{"rendered":"<p>\u0160vietimo tinklas \u201eEurydice\u201c, teikiantis \u012fvairi\u0105 informacij\u0105 apie 37 \u0161ali\u0173 nacionalines \u0161vietimo sistemas ir j\u0173 veikimo ypatumus, paskelb\u0117 dvi naujas ataskaitas apie mokslo met\u0173 organizavim\u0105 Europos \u0161ali\u0173 mokyklose. &nbsp; Mokslo met\u0173 organizavimas Europoje. Pradinis, bendrasis pagrindinis ir vidurinis ugdymas \u2013 2021\/22&nbsp;<a href=\"https:\/\/www.nsa.smsm.lt\/old\/2021\/09\/07\/eurydice-paskelbe-ataskaitas-apie-2021-2022-mokslo-metu-organizavima-europos-mokyklose\/\" class=\"placiau\">Pla\u010diau <i class=\"fa fa-caret-right\"><\/i><\/a><\/p>\n","protected":false},"author":5,"featured_media":0,"comment_status":"open","ping_status":"open","sticky":false,"template":"","format":"standard","meta":{"_acf_changed":false,"footnotes":""},"categories":[1],"tags":[],"class_list":["post-25275","post","type-post","status-publish","format-standard","hentry","category-nacionalines-svietimo-agenturos-naujienos"],"acf":[],"_links":{"self":[{"href":"https:\/\/www.nsa.smsm.lt\/old\/wp-json\/wp\/v2\/posts\/25275","targetHints":{"allow":["GET"]}}],"collection":[{"href":"https:\/\/www.nsa.smsm.lt\/old\/wp-json\/wp\/v2\/posts"}],"about":[{"href":"https:\/\/www.nsa.smsm.lt\/old\/wp-json\/wp\/v2\/types\/post"}],"author":[{"embeddable":true,"href":"https:\/\/www.nsa.smsm.lt\/old\/wp-json\/wp\/v2\/users\/5"}],"replies":[{"embeddable":true,"href":"https:\/\/www.nsa.smsm.lt\/old\/wp-json\/wp\/v2\/comments?post=25275"}],"version-history":[{"count":0,"href":"https:\/\/www.nsa.smsm.lt\/old\/wp-json\/wp\/v2\/posts\/25275\/revisions"}],"wp:attachment":[{"href":"https:\/\/www.nsa.smsm.lt\/old\/wp-json\/wp\/v2\/media?parent=25275"}],"wp:term":[{"taxonomy":"category","embeddable":true,"href":"https:\/\/www.nsa.smsm.lt\/old\/wp-json\/wp\/v2\/categories?post=25275"},{"taxonomy":"post_tag","embeddable":true,"href":"https:\/\/www.nsa.smsm.lt\/old\/wp-json\/wp\/v2\/tags?post=25275"}],"curies":[{"name":"wp","href":"https:\/\/api.w.org\/{rel}","templated":true}]}}