{"id":25236,"date":"2021-09-02T05:32:26","date_gmt":"2021-09-02T03:32:26","guid":{"rendered":"https:\/\/www.nsa.smsm.lt\/old\/?p=25236"},"modified":"2021-10-09T15:15:29","modified_gmt":"2021-10-09T13:15:29","slug":"metodine-praktine-konferencija-muzikos-pedagogams","status":"publish","type":"post","link":"https:\/\/www.nsa.smsm.lt\/old\/2021\/09\/02\/metodine-praktine-konferencija-muzikos-pedagogams\/","title":{"rendered":"Metodin\u0117 \u2013 praktin\u0117 konferencija muzikos pedagogams"},"content":{"rendered":"<p>Rugs\u0117jo 22 d. Lietuvos muzikos ir teatro akademijos Karjeros ir kompetencij\u0173 centras organizuoja metodin\u0119 \u2013 praktin\u0119 muzikos pedagog\u0173 konferencij\u0105 \u201eMuzikinis ugdymas. Id\u0117jos ir patirtys\u201c. Jos tikslas \u2013 suburti muzikos pedagogus ir sudaryti jiems s\u0105lygas pagilinti ne tik profesines, bet ir pedagogines \u017einias, atkreipti d\u0117mes\u012f \u012f muzikinio ugdymo problemas.<\/p>\n<p>Sparti socialinio bei kult\u016brinio gyvenimo kaita bei globalizacija kelia naujus i\u0161\u0161\u016bkius Lietuvos muzikiniam \u0161vietimui. Kinta mokymosi kult\u016bra, mokymasis vis\u0105 gyvenim\u0105 tampa pagrindine atsinaujinan\u010dio \u0161vietimo paradigma. Dauguma mokslinink\u0173 pripa\u017e\u012fsta, kad labai svarbu rengti mokytoj\u0105, gebant\u012f reflektuoti savo praktin\u0119 veikl\u0105 ir jos rezultatus. Ne i\u0161imtis ir muzikos pedagogai. Karantinas, socialini\u0173 kontakt\u0173 ribojimai ir kiti COVID-19 pandemijos keliami i\u0161\u0161\u016bkiai paliet\u0117 profesin\u0119 ir asmenin\u0119 veiklas. Kritin\u0117se situacijose svarbiausia tapo geb\u0117jimas adaptuotis kintan\u010dioje aplinkoje, kurioje esminis faktorius asmens kompetencija ir motyvacijos potencialas.<\/p>\n<p>Konferencijoje dalyviai susipa\u017eins su naujausiais ugdymo planais, k\u016brybi\u0161kais ir inovatyviais muzikinio ugdymo metodais. Taip pat bus kvie\u010diama aptarti aktualias muzikinio ugdymo problemas, skatinti muzikos pedagog\u0173 bendradarbiavim\u0105 per pozityvi\u0105 gerosios patirties sklaid\u0105 bei profesin\u0117s patirties refleksij\u0105, keliant bendr\u0105sias ir profesines kompetencijas.<\/p>\n<p>Konferencijos prane\u0161\u0117jai \u2013 \u017einomi muzikos pasaulio \u017emon\u0117s. Prane\u0161imus skaitys prof. dr. R\u016bta Girdzijauskien\u0117, prof. dr. Rytis Ambrazevi\u010dius, prof. doc. Rolandas Aidukas, dr. Asta Kri\u0161\u010di\u016bnait\u0117-Volbikien\u0117, K\u0117daini\u0173 muzikos mokyklos direktor\u0117 R\u016bta Kutrait\u0117, mokytoja \u2013 metodinink\u0117 Violeta \u010cesaitien\u0117, vyr. mokytojas Veslav Sobieski. Konferencijoje dalyvaus \u0160vietimo, mokslo ir sporto ministerijos Pagrindinio ir vidurinio ugdymo skyriaus vyr. specialist\u0117 Laima Rutkauskien\u0117. Konferencij\u0105 moderuos doc. dr. Giedr\u0117 Gabnyt\u0117-Bizevi\u010dien\u0117.<\/p>\n<p>Konferencija vyks LMTA Centrini\u0173 r\u016bm\u0173 Did\u017eiojoje sal\u0117je, nuotolini\u0173 konferencij\u0173 platformoje \u201eZoom\u201c.<\/p>\n<p><a href=\"https:\/\/forms.gle\/uRshWfW6Mt5uF4iaA\" data-auth=\"NotApplicable\" data-linkindex=\"0\">Dalyvavimas konferencijoje nemokamas, bet <strong>b\u016btina i\u0161ankstin\u0117 registracija<\/strong><\/a><u>:\u00a0<a href=\"https:\/\/kkc.lmta.lt\/konferencija-muzikinis-ugdymas-idejos-ir-patirtys\/\" data-auth=\"NotApplicable\" data-linkindex=\"1\">https:\/\/kkc.lmta.lt\/konferencija-muzikinis-ugdymas-idejos-ir-patirtys\/<\/a>\u00a0<\/u><\/p>\n<p>Norintiems gauti kvalifikacijos tobulinimo pa\u017eym\u0117jimus (veiklos vertinimo ir akreditavimo pa\u017eyma Nr. KT3-2.) taikomas 5 Eur mokestis.<\/p>\n<p>Svarbu: neturintys galimyb\u0117s dalyvauti konferencijoje, gal\u0117s j\u0105 steb\u0117ti nuotoliniu b\u016bdu.<\/p>\n<p>Konferencija vyks laikantis galiojan\u010di\u0173 LR Vyriausyb\u0117s reikalavim\u0173 rengini\u0173 organizavimui u\u017edarose patalpose.<\/p>\n<p>Daugiau informacijos:<\/p>\n<p>El. p.:\u00a0<a href=\"mailto:ieva.skaistyte@lmta.lt\" data-auth=\"NotApplicable\" data-linkindex=\"2\">ieva.skaistyte@lmta.lt<\/a>;\u00a0<a href=\"mailto:kkcrenginiai@lmta.lt\" data-auth=\"NotApplicable\" data-linkindex=\"3\">kkcrenginiai@lmta.lt<\/a><br \/>\nTel. +370 (5) 261 1142 Mob. tel. +370 686 72012<\/p>\n","protected":false},"excerpt":{"rendered":"<p>Rugs\u0117jo 22 d. Lietuvos muzikos ir teatro akademijos Karjeros ir kompetencij\u0173 centras organizuoja metodin\u0119 \u2013 praktin\u0119 muzikos pedagog\u0173 konferencij\u0105 \u201eMuzikinis ugdymas. Id\u0117jos ir patirtys\u201c. Jos tikslas \u2013 suburti muzikos pedagogus ir sudaryti jiems s\u0105lygas pagilinti ne tik profesines, bet ir&nbsp;<a href=\"https:\/\/www.nsa.smsm.lt\/old\/2021\/09\/02\/metodine-praktine-konferencija-muzikos-pedagogams\/\" class=\"placiau\">Pla\u010diau <i class=\"fa fa-caret-right\"><\/i><\/a><\/p>\n","protected":false},"author":5,"featured_media":0,"comment_status":"open","ping_status":"open","sticky":false,"template":"","format":"standard","meta":{"_acf_changed":false,"footnotes":""},"categories":[1],"tags":[],"class_list":["post-25236","post","type-post","status-publish","format-standard","hentry","category-nacionalines-svietimo-agenturos-naujienos"],"acf":[],"_links":{"self":[{"href":"https:\/\/www.nsa.smsm.lt\/old\/wp-json\/wp\/v2\/posts\/25236","targetHints":{"allow":["GET"]}}],"collection":[{"href":"https:\/\/www.nsa.smsm.lt\/old\/wp-json\/wp\/v2\/posts"}],"about":[{"href":"https:\/\/www.nsa.smsm.lt\/old\/wp-json\/wp\/v2\/types\/post"}],"author":[{"embeddable":true,"href":"https:\/\/www.nsa.smsm.lt\/old\/wp-json\/wp\/v2\/users\/5"}],"replies":[{"embeddable":true,"href":"https:\/\/www.nsa.smsm.lt\/old\/wp-json\/wp\/v2\/comments?post=25236"}],"version-history":[{"count":0,"href":"https:\/\/www.nsa.smsm.lt\/old\/wp-json\/wp\/v2\/posts\/25236\/revisions"}],"wp:attachment":[{"href":"https:\/\/www.nsa.smsm.lt\/old\/wp-json\/wp\/v2\/media?parent=25236"}],"wp:term":[{"taxonomy":"category","embeddable":true,"href":"https:\/\/www.nsa.smsm.lt\/old\/wp-json\/wp\/v2\/categories?post=25236"},{"taxonomy":"post_tag","embeddable":true,"href":"https:\/\/www.nsa.smsm.lt\/old\/wp-json\/wp\/v2\/tags?post=25236"}],"curies":[{"name":"wp","href":"https:\/\/api.w.org\/{rel}","templated":true}]}}