{"id":24692,"date":"2021-07-29T19:04:42","date_gmt":"2021-07-29T17:04:42","guid":{"rendered":"https:\/\/www.nsa.smsm.lt\/old\/?p=24692"},"modified":"2021-08-19T15:11:30","modified_gmt":"2021-08-19T13:11:30","slug":"del-dalyvavimo-apskritojo-stalo-diskusijoje-ikimokyklinio-ir-priesmokyklinio-ugdymo-programas-vykdanciu-mokyklu-veiklos-kokybes-isivertinimo-metodikos-isbandymo-rezultatu-aptarimas","status":"publish","type":"post","link":"https:\/\/www.nsa.smsm.lt\/old\/2021\/07\/29\/del-dalyvavimo-apskritojo-stalo-diskusijoje-ikimokyklinio-ir-priesmokyklinio-ugdymo-programas-vykdanciu-mokyklu-veiklos-kokybes-isivertinimo-metodikos-isbandymo-rezultatu-aptarimas\/","title":{"rendered":"D\u0117l dalyvavimo apskritojo stalo diskusijoje \u201eIkimokyklinio ir prie\u0161mokyklinio ugdymo programas vykdan\u010di\u0173 mokykl\u0173 veiklos kokyb\u0117s \u012fsivertinimo metodikos i\u0161bandymo rezultat\u0173 aptarimas\u201c"},"content":{"rendered":"<p>Nacionalin\u0117 \u0161vietimo agent\u016bra, \u012fgyvendindama Europos S\u0105jungos fond\u0173 finansuojam\u0105 projekt\u0105 \u201eNeformaliojo vaik\u0173 \u0161vietimo, ikimokyklinio, prie\u0161mokyklinio ir bendrojo ugdymo vertinimo, \u012fsivertinimo tobulinimas ir pl\u0117tot\u0117\u201c, vykdo veiklas, skirtas ikimokyklinio ir prie\u0161mokyklinio ugdymo kokybei tobulinti ir kvie\u010dia ikimokyklinio ir prie\u0161mokyklinio ugdymo \u012fstaig\u0173 vadovus, mokytojus, savivaldybi\u0173 specialistus dalyvauti apskritojo stalo diskusijose\u00a0 <strong>\u201eIkimokyklinio ir prie\u0161mokyklinio ugdymo programas vykdan\u010di\u0173 mokykl\u0173 veiklos kokyb\u0117s \u012fsivertinimo metodikos i\u0161bandymo rezultat\u0173 aptarimas\u201c.<\/strong> Metodikos reng\u0117j\u0173 grup\u0117 pristatys ikimokyklinio ir prie\u0161mokyklinio ugdymo programas vykdan\u010di\u0173 mokykl\u0173 veiklos kokyb\u0117s \u012fsivertinimo metodikos i\u0161bandymo rezultatus, ir svarbiausius \u012fsivertinimo metodikos koregavimo po i\u0161bandymo aspektus. Po pristatymo kviesime aktyviai dalyvauti diskusijoje.<\/p>\n<p>Apskritojo stalo diskusijos vyks 2021 m. rugpj\u016b\u010dio 18 ir 19 d. nuotoliniu b\u016bdu. Renginio prad\u017eia 9.30 val., pabaiga 17.00 val.<\/p>\n<p>Apskritojo stalo diskusijos darbotvark\u0119 ir nuorod\u0105 atsi\u0173sime u\u017esiregistravusiems dalyviams prie\u0161 rengin\u012f.<\/p>\n<p>Registruotis el. pa\u0161tu <a href=\"mailto:gitana.buivydiene@nsa.smm.lt\">gitana.buivydiene@nsa.smm.lt<\/a><\/p>\n<p>Kilus klausimams pra\u0161ome kreiptis \u012f Nacionalin\u0117s \u0161vietimo agent\u016bros projekto \u201eNeformaliojo vaik\u0173 \u0161vietimo, ikimokyklinio, prie\u0161mokyklinio ir bendrojo ugdymo vertinimo, \u012fsivertinimo tobulinimas ir pl\u0117tot\u0117\u201c veiklos Nr. 1.1. metodininkes Ramun\u0119 Korenkien\u0119, el. pa\u0161tas <a href=\"mailto:ramune.korenkiene@nsa.smm.lt\">ramune.korenkiene@nsa.smm.lt<\/a> ir Gitan\u0105 Buivydien\u0119, el. pa\u0161tas <a href=\"mailto:gitana.buivydiene@nsa.smm.lt\">gitana.buivydiene@nsa.smm.lt<\/a>.<\/p>\n","protected":false},"excerpt":{"rendered":"<p>Nacionalin\u0117 \u0161vietimo agent\u016bra, \u012fgyvendindama Europos S\u0105jungos fond\u0173 finansuojam\u0105 projekt\u0105 \u201eNeformaliojo vaik\u0173 \u0161vietimo, ikimokyklinio, prie\u0161mokyklinio ir bendrojo ugdymo vertinimo, \u012fsivertinimo tobulinimas ir pl\u0117tot\u0117\u201c, vykdo veiklas, skirtas ikimokyklinio ir prie\u0161mokyklinio ugdymo kokybei tobulinti ir kvie\u010dia ikimokyklinio ir prie\u0161mokyklinio ugdymo \u012fstaig\u0173 vadovus, mokytojus,&nbsp;<a href=\"https:\/\/www.nsa.smsm.lt\/old\/2021\/07\/29\/del-dalyvavimo-apskritojo-stalo-diskusijoje-ikimokyklinio-ir-priesmokyklinio-ugdymo-programas-vykdanciu-mokyklu-veiklos-kokybes-isivertinimo-metodikos-isbandymo-rezultatu-aptarimas\/\" class=\"placiau\">Pla\u010diau <i class=\"fa fa-caret-right\"><\/i><\/a><\/p>\n","protected":false},"author":5,"featured_media":0,"comment_status":"open","ping_status":"open","sticky":false,"template":"","format":"standard","meta":{"_acf_changed":false,"footnotes":""},"categories":[1,19],"tags":[],"class_list":["post-24692","post","type-post","status-publish","format-standard","hentry","category-nacionalines-svietimo-agenturos-naujienos","category-projektu-naujienos"],"acf":[],"_links":{"self":[{"href":"https:\/\/www.nsa.smsm.lt\/old\/wp-json\/wp\/v2\/posts\/24692","targetHints":{"allow":["GET"]}}],"collection":[{"href":"https:\/\/www.nsa.smsm.lt\/old\/wp-json\/wp\/v2\/posts"}],"about":[{"href":"https:\/\/www.nsa.smsm.lt\/old\/wp-json\/wp\/v2\/types\/post"}],"author":[{"embeddable":true,"href":"https:\/\/www.nsa.smsm.lt\/old\/wp-json\/wp\/v2\/users\/5"}],"replies":[{"embeddable":true,"href":"https:\/\/www.nsa.smsm.lt\/old\/wp-json\/wp\/v2\/comments?post=24692"}],"version-history":[{"count":0,"href":"https:\/\/www.nsa.smsm.lt\/old\/wp-json\/wp\/v2\/posts\/24692\/revisions"}],"wp:attachment":[{"href":"https:\/\/www.nsa.smsm.lt\/old\/wp-json\/wp\/v2\/media?parent=24692"}],"wp:term":[{"taxonomy":"category","embeddable":true,"href":"https:\/\/www.nsa.smsm.lt\/old\/wp-json\/wp\/v2\/categories?post=24692"},{"taxonomy":"post_tag","embeddable":true,"href":"https:\/\/www.nsa.smsm.lt\/old\/wp-json\/wp\/v2\/tags?post=24692"}],"curies":[{"name":"wp","href":"https:\/\/api.w.org\/{rel}","templated":true}]}}