{"id":24024,"date":"2021-06-22T09:35:04","date_gmt":"2021-06-22T07:35:04","guid":{"rendered":"https:\/\/www.nsa.smsm.lt\/old\/?p=24024"},"modified":"2021-06-22T13:17:06","modified_gmt":"2021-06-22T11:17:06","slug":"vaizdo-konferencija-diskusija-pavaduotoju-lyderyste-2020-2021-mokslo-metu-issukiai-brandine-asmenini-profesionaluma","status":"publish","type":"post","link":"https:\/\/www.nsa.smsm.lt\/old\/2021\/06\/22\/vaizdo-konferencija-diskusija-pavaduotoju-lyderyste-2020-2021-mokslo-metu-issukiai-brandine-asmenini-profesionaluma\/","title":{"rendered":"Vaizdo konferencija-diskusija \u201ePavaduotoj\u0173 lyderyst\u0117: 2020\u20132021 mokslo met\u0173 i\u0161\u0161\u016bkiai, brandin\u0119 asmenin\u012f profesionalum\u0105\u201c"},"content":{"rendered":"<p>T\u0119siamos vaizdo konferencijos-diskusijos bendrojo ugdymo mokykl\u0173 direktori\u0173 pavaduotojams ugdymui, profesinio mokymo \u012fstaig\u0173 gimnazij\u0173 skyri\u0173 ved\u0117jams. Bir\u017eelio 29 dien\u0105 vyks vaizdo konferencija-diskusija \u201ePavaduotoj\u0173 lyderyst\u0117: 2020\u20132021 mokslo met\u0173 i\u0161\u0161\u016bkiai, brandin\u0119 asmenin\u012f profesionalum\u0105\u201c.<strong>\u00a0 <\/strong><\/p>\n<p>Bus kalbama apie 2020\u20132021 mokslo metais pavaduotojams tekusius i\u0161\u0161\u016bkius, j\u0173 \u012fveikim\u0105, atradimus, ger\u0105j\u0105 praktik\u0105.<\/p>\n<p>Probleminiai klausimai:<\/p>\n<p>&#8211; Kur slypi pavaduotojo-lyderio s\u0117km\u0117s prad\u017eia?<\/p>\n<p>&#8211; Kokie i\u0161\u0161\u016bkiai ir atradimai buvo netik\u0117\u010diausi?<\/p>\n<p>&#8211; K\u0105 verta i\u0161laikyti kitais mokslo metais?<\/p>\n<p>&#8211; Kokios kolegi\u0161ko mokymosi priemon\u0117s b\u016bt\u0173 naudingos pavaduotojams?<\/p>\n<p>Konferencijos-diskusijos metu patirtimis ir \u012f\u017evalgomis dalysis Prien\u0173 \u201eRevuonos\u201c pagrindin\u0117s mokyklos, Vilniaus Juod\u0161ili\u0173 \u201e\u0160ilo\u201c gimnazijos direktori\u0173 pavaduotojos ugdymui, Klaip\u0117dos Ernesto Galvanausko profesinio mokymo centro gimnazijos skyriaus ved\u0117ja.<\/p>\n<p><a href=\"https:\/\/forms.office.com\/Pages\/ResponsePage.aspx?id=umfGY12K0EKXrRF1yOGwEjj5uhd99k9DrPIn9ecnmKZUNzYwRFFYME9PNUhRWUc2SUs4TlVGRUVQMS4u\"><strong>NUORODA REGISTRACIJAI<\/strong><\/a><strong> \u00a0<\/strong><\/p>\n<p>Konferencijos-diskusijos prad\u017eia 15 val. Informuojame, kad renginys bus \u012fra\u0161omas. Prisijungdami prie \u0161ios vaizdo transliacijos, J\u016bs i\u0161rei\u0161kiate sutikim\u0105 d\u0117l jos \u012fra\u0161ymo ir skelbimo.<\/p>\n<p>Rengin\u012f organizuoja Nacionalin\u0117s \u0161vietimo agent\u016bros Mokykl\u0173 veiklos pl\u0117tros skyrius.<\/p>\n<p>Maloniai kvie\u010diame registruotis ir dalyvauti!<\/p>\n<p>&nbsp;<\/p>\n<p>Albina Vilimien\u0117<br \/>\nNacionalin\u0117s \u0161vietimo agent\u016bros<br \/>\n\u0160vietimo pagalbos departamento<br \/>\nMokykl\u0173 veiklos pl\u0117tros skyriaus ved\u0117ja<br \/>\nEl. p. <a href=\"mailto:albina.vilimiene@nsa.smm.lt\">albina.vilimiene@nsa.smm.lt<\/a><\/p>\n","protected":false},"excerpt":{"rendered":"<p>T\u0119siamos vaizdo konferencijos-diskusijos bendrojo ugdymo mokykl\u0173 direktori\u0173 pavaduotojams ugdymui, profesinio mokymo \u012fstaig\u0173 gimnazij\u0173 skyri\u0173 ved\u0117jams. Bir\u017eelio 29 dien\u0105 vyks vaizdo konferencija-diskusija \u201ePavaduotoj\u0173 lyderyst\u0117: 2020\u20132021 mokslo met\u0173 i\u0161\u0161\u016bkiai, brandin\u0119 asmenin\u012f profesionalum\u0105\u201c.\u00a0 Bus kalbama apie 2020\u20132021 mokslo metais pavaduotojams tekusius i\u0161\u0161\u016bkius, j\u0173&nbsp;<a href=\"https:\/\/www.nsa.smsm.lt\/old\/2021\/06\/22\/vaizdo-konferencija-diskusija-pavaduotoju-lyderyste-2020-2021-mokslo-metu-issukiai-brandine-asmenini-profesionaluma\/\" class=\"placiau\">Pla\u010diau <i class=\"fa fa-caret-right\"><\/i><\/a><\/p>\n","protected":false},"author":5,"featured_media":0,"comment_status":"open","ping_status":"open","sticky":false,"template":"","format":"standard","meta":{"_acf_changed":false,"footnotes":""},"categories":[1],"tags":[],"class_list":["post-24024","post","type-post","status-publish","format-standard","hentry","category-nacionalines-svietimo-agenturos-naujienos"],"acf":[],"_links":{"self":[{"href":"https:\/\/www.nsa.smsm.lt\/old\/wp-json\/wp\/v2\/posts\/24024","targetHints":{"allow":["GET"]}}],"collection":[{"href":"https:\/\/www.nsa.smsm.lt\/old\/wp-json\/wp\/v2\/posts"}],"about":[{"href":"https:\/\/www.nsa.smsm.lt\/old\/wp-json\/wp\/v2\/types\/post"}],"author":[{"embeddable":true,"href":"https:\/\/www.nsa.smsm.lt\/old\/wp-json\/wp\/v2\/users\/5"}],"replies":[{"embeddable":true,"href":"https:\/\/www.nsa.smsm.lt\/old\/wp-json\/wp\/v2\/comments?post=24024"}],"version-history":[{"count":0,"href":"https:\/\/www.nsa.smsm.lt\/old\/wp-json\/wp\/v2\/posts\/24024\/revisions"}],"wp:attachment":[{"href":"https:\/\/www.nsa.smsm.lt\/old\/wp-json\/wp\/v2\/media?parent=24024"}],"wp:term":[{"taxonomy":"category","embeddable":true,"href":"https:\/\/www.nsa.smsm.lt\/old\/wp-json\/wp\/v2\/categories?post=24024"},{"taxonomy":"post_tag","embeddable":true,"href":"https:\/\/www.nsa.smsm.lt\/old\/wp-json\/wp\/v2\/tags?post=24024"}],"curies":[{"name":"wp","href":"https:\/\/api.w.org\/{rel}","templated":true}]}}