{"id":23970,"date":"2021-06-18T05:38:05","date_gmt":"2021-06-18T03:38:05","guid":{"rendered":"https:\/\/www.nsa.smsm.lt\/old\/?p=23970"},"modified":"2021-06-21T14:47:33","modified_gmt":"2021-06-21T12:47:33","slug":"kvieciame-svietimo-bendruomene-dalyvauti-konferencijoje-apie-psichoaktyviuju-medziagu-vartojimo-prevencija","status":"publish","type":"post","link":"https:\/\/www.nsa.smsm.lt\/old\/2021\/06\/18\/kvieciame-svietimo-bendruomene-dalyvauti-konferencijoje-apie-psichoaktyviuju-medziagu-vartojimo-prevencija\/","title":{"rendered":"Kvie\u010diame \u0161vietimo bendruomen\u0119 dalyvauti konferencijoje apie psichoaktyvi\u0173j\u0173 med\u017eiag\u0173 vartojimo prevencij\u0105"},"content":{"rendered":"<p>Nacionalin\u0117 \u0161vietimo agent\u016bra 2021 m. bir\u017eelio 22 d. organizuoja\u00a0tarptautin\u0119 konferencij\u0105 <strong>\u201e<em>Ar tikrai renkiesi pats? Psichoaktyvi\u0173j\u0173 med\u017eiag\u0173 vartojimo prevencijos mokykloje tendencijos, poky\u010diai ir galimyb\u0117s\u201c<\/em><\/strong>. Konferencija skirta mokykl\u0173 bendruomeni\u0173 nariams, savivaldybi\u0173 administracij\u0173 atstovams, visuomen\u0117s sveikatos prie\u017ei\u016bros specialistams ir kitiems, dirbantiems psichoaktyvi\u0173j\u0173 med\u017eiag\u0173 vartojimo prevencijos srityje.<\/p>\n<p>Konferencijos metu bus pristatoma u\u017esienio \u0161ali\u0173 ir Lietuvos patirtis psichoaktyvi\u0173j\u0173 med\u017eiag\u0173 vartojimo prevencijoje, tendencijos ir poky\u010diai, pagalbos galimyb\u0117s vartojantiems nepilname\u010diams. Paskutin\u0117je konferencijos dalyje numatoma pristatyti Nacionalin\u0117s \u0161vietimo agent\u016bros parengtos ir jau penkerius metus \u0161alies mokyklose \u012fgyvendinamos psichoaktyvi\u0173j\u0173 med\u017eiag\u0173 vartojimo prevencijos programos \u201eSavu keliu\u201c (angl. May Way) ger\u0105j\u0105 patirt\u012f, \u0161ios programos poveikio vertinimo rezultatus. <strong><a href=\"https:\/\/www.nsa.smsm.lt\/old\/old\/wp-content\/uploads\/2021\/06\/Konferencijos-programa-06-21.pdf\">Konferencijos programa <\/a><\/strong><\/p>\n<p>Konferencija vyks nuotoliniu b\u016bdu.<\/p>\n<p>D\u0117l didelio dalyvi\u0173 skai\u010diaus registracija baigta. Konferencij\u0105 bus galima steb\u0117ti gyvai YouTube kanalu <a href=\"https:\/\/www.youtube.com\/channel\/UCsi7QS2kbm9_Rw9Axc-eQFw\">https:\/\/www.youtube.com\/channel\/UCsi7QS2kbm9_Rw9Axc-eQFw<\/a><\/p>\n<p>Dalyvavimas konferencijoje nemokamas. I\u0161klausiusiems vis\u0105 konferencij\u0105 bus i\u0161duodama kvalifikacijos tobulinimo pa\u017eyma.<\/p>\n<p>Konferencija organizuojama \u012fgyvendinant projekt\u0105 \u201eSaugios aplinkos mokykloje\u00a0k\u016brimas II\u201c (Nr. 09.2.2-ESFA-V-729-03-0001).<\/p>\n<p>&nbsp;<\/p>\n<p>Sandra Valantiejien\u0117<\/p>\n<p>Projekto \u201eSaugios aplinkos mokykloje\u00a0k\u016brimas II\u201c metodinink\u0117,<\/p>\n<p>psichoaktyvi\u0173j\u0173 med\u017eiag\u0173 vartojimo prevencijos programos \u201eSavu keliu\u201c koordinator\u0117<\/p>\n<p>El. pa\u0161tas sandra.valantiejiene@nsa.smm.lt<\/p>\n","protected":false},"excerpt":{"rendered":"<p>Nacionalin\u0117 \u0161vietimo agent\u016bra 2021 m. bir\u017eelio 22 d. organizuoja\u00a0tarptautin\u0119 konferencij\u0105 \u201eAr tikrai renkiesi pats? Psichoaktyvi\u0173j\u0173 med\u017eiag\u0173 vartojimo prevencijos mokykloje tendencijos, poky\u010diai ir galimyb\u0117s\u201c. Konferencija skirta mokykl\u0173 bendruomeni\u0173 nariams, savivaldybi\u0173 administracij\u0173 atstovams, visuomen\u0117s sveikatos prie\u017ei\u016bros specialistams ir kitiems, dirbantiems psichoaktyvi\u0173j\u0173 med\u017eiag\u0173&nbsp;<a href=\"https:\/\/www.nsa.smsm.lt\/old\/2021\/06\/18\/kvieciame-svietimo-bendruomene-dalyvauti-konferencijoje-apie-psichoaktyviuju-medziagu-vartojimo-prevencija\/\" class=\"placiau\">Pla\u010diau <i class=\"fa fa-caret-right\"><\/i><\/a><\/p>\n","protected":false},"author":5,"featured_media":0,"comment_status":"open","ping_status":"open","sticky":false,"template":"","format":"standard","meta":{"_acf_changed":false,"footnotes":""},"categories":[1],"tags":[],"class_list":["post-23970","post","type-post","status-publish","format-standard","hentry","category-nacionalines-svietimo-agenturos-naujienos"],"acf":[],"_links":{"self":[{"href":"https:\/\/www.nsa.smsm.lt\/old\/wp-json\/wp\/v2\/posts\/23970","targetHints":{"allow":["GET"]}}],"collection":[{"href":"https:\/\/www.nsa.smsm.lt\/old\/wp-json\/wp\/v2\/posts"}],"about":[{"href":"https:\/\/www.nsa.smsm.lt\/old\/wp-json\/wp\/v2\/types\/post"}],"author":[{"embeddable":true,"href":"https:\/\/www.nsa.smsm.lt\/old\/wp-json\/wp\/v2\/users\/5"}],"replies":[{"embeddable":true,"href":"https:\/\/www.nsa.smsm.lt\/old\/wp-json\/wp\/v2\/comments?post=23970"}],"version-history":[{"count":0,"href":"https:\/\/www.nsa.smsm.lt\/old\/wp-json\/wp\/v2\/posts\/23970\/revisions"}],"wp:attachment":[{"href":"https:\/\/www.nsa.smsm.lt\/old\/wp-json\/wp\/v2\/media?parent=23970"}],"wp:term":[{"taxonomy":"category","embeddable":true,"href":"https:\/\/www.nsa.smsm.lt\/old\/wp-json\/wp\/v2\/categories?post=23970"},{"taxonomy":"post_tag","embeddable":true,"href":"https:\/\/www.nsa.smsm.lt\/old\/wp-json\/wp\/v2\/tags?post=23970"}],"curies":[{"name":"wp","href":"https:\/\/api.w.org\/{rel}","templated":true}]}}