{"id":23966,"date":"2021-06-18T14:11:42","date_gmt":"2021-06-18T12:11:42","guid":{"rendered":"https:\/\/www.nsa.smsm.lt\/old\/?p=23966"},"modified":"2021-06-21T06:02:20","modified_gmt":"2021-06-21T04:02:20","slug":"kvieciame-dalyvauti-vaizdo-konferencijoje-diskusijoje-apie-bendrojo-ugdymo-mokyklu-9-12-kl-mokiniu-profesinio-mokymo-programu-moduliu-pasirinkima","status":"publish","type":"post","link":"https:\/\/www.nsa.smsm.lt\/old\/2021\/06\/18\/kvieciame-dalyvauti-vaizdo-konferencijoje-diskusijoje-apie-bendrojo-ugdymo-mokyklu-9-12-kl-mokiniu-profesinio-mokymo-programu-moduliu-pasirinkima\/","title":{"rendered":"Kvie\u010diame dalyvauti vaizdo konferencijoje-diskusijoje apie bendrojo ugdymo mokykl\u0173 9\u201312 kl. mokini\u0173 profesinio mokymo program\u0173 moduli\u0173 pasirinkim\u0105"},"content":{"rendered":"<p><strong>\u0160. m.<\/strong> <strong>bir\u017eelio 22 d. (antradien\u012f) 15.00 val<\/strong>.\u00a0kvie\u010diame dalyvauti vaizdo konferencijoje-diskusijoje \u201e<strong>Profesinio mokymo program\u0173 moduliai: galimyb\u0117s ir mokini\u0173 pasirinkimai<\/strong>\u201c. Renginys vyks virtualioje ZOOM aplinkoje.<\/p>\n<p>Vaizdo konferencijos-diskusijos tikslas \u2013 skatinti bendrojo ugdymo mokykl\u0173 mokinius rinktis profesinio mokymo program\u0173 modulius.<\/p>\n<p>Savo patirtimis apie mokini\u0173 profesinio mokymo program\u0173 moduli\u0173 pasirinkim\u0105 2020\u20132021 m. m., apie j\u0173 \u012fgyvendinim\u0105, mokini\u0173 atsiliepimus dalysis bendrojo ugdymo mokykl\u0173 vadovai. Profesinio mokymo \u012fstaig\u0173 atstovai pasidalys savo mintimis, \u012f\u017evalgomis apie besibaigian\u010di\u0173 mokslo met\u0173 patirt\u012f ir pristatys 2021\u20132022 m. m. pasirinkimo galimybes bendrojo ugdymo mokykl\u0173 mokiniams profesinio mokymo program\u0173 moduli\u0173 pasi\u016bloje.<\/p>\n<p>Numatoma trukm\u0117 apie 90 min.<\/p>\n<p>B\u016btina i\u0161ankstin\u0117 registracija. <a href=\"https:\/\/forms.office.com\/Pages\/ResponsePage.aspx?id=umfGY12K0EKXrRF1yOGwEjj5uhd99k9DrPIn9ecnmKZUNU1ONDVKMjVLTzNOMlA5SExUNElXTkpZNi4u\"><strong>Registracija<\/strong><\/a> vyks iki bir\u017eelio 21 d. 17 val.<\/p>\n<p>Prisijungimo nuorod\u0105 \u012f vaizdo konferencij\u0105-diskusij\u0105 u\u017esiregistravusiems dalyviams i\u0161si\u0173sime\u00a0renginio dien\u0105 nurodytu el. pa\u0161tu.<\/p>\n<p>Renginys bus \u012fra\u0161omas. Prisijungdami prie \u0161ios vaizdo transliacijos, J\u016bs i\u0161rei\u0161kiate sutikim\u0105 d\u0117l jos \u012fra\u0161ymo ir skelbimo.<\/p>\n<p>Rengin\u012f organizuoja Nacionalin\u0117s \u0161vietimo agent\u016bros Mokykl\u0173 veiklos pl\u0117tros skyrius.<\/p>\n<p>&nbsp;<\/p>\n<p>Deimut\u0117 Plik\u0161nien\u0117<br \/>\nNacionalin\u0117s \u0161vietimo agent\u016bros<br \/>\n\u0160vietimo pagalbos departamento<br \/>\nMokykl\u0173 veiklos pl\u0117tros skyriaus metodinink\u0117<br \/>\nEl. p.\u00a0<a href=\"mailto:deimute.pliksniene@nsa.smm.lt\">deimute.pliksniene@nsa.smm.lt<\/a><\/p>\n","protected":false},"excerpt":{"rendered":"<p>\u0160. m. bir\u017eelio 22 d. (antradien\u012f) 15.00 val.\u00a0kvie\u010diame dalyvauti vaizdo konferencijoje-diskusijoje \u201eProfesinio mokymo program\u0173 moduliai: galimyb\u0117s ir mokini\u0173 pasirinkimai\u201c. Renginys vyks virtualioje ZOOM aplinkoje. Vaizdo konferencijos-diskusijos tikslas \u2013 skatinti bendrojo ugdymo mokykl\u0173 mokinius rinktis profesinio mokymo program\u0173 modulius. Savo patirtimis&nbsp;<a href=\"https:\/\/www.nsa.smsm.lt\/old\/2021\/06\/18\/kvieciame-dalyvauti-vaizdo-konferencijoje-diskusijoje-apie-bendrojo-ugdymo-mokyklu-9-12-kl-mokiniu-profesinio-mokymo-programu-moduliu-pasirinkima\/\" class=\"placiau\">Pla\u010diau <i class=\"fa fa-caret-right\"><\/i><\/a><\/p>\n","protected":false},"author":5,"featured_media":0,"comment_status":"open","ping_status":"open","sticky":false,"template":"","format":"standard","meta":{"_acf_changed":false,"footnotes":""},"categories":[1],"tags":[],"class_list":["post-23966","post","type-post","status-publish","format-standard","hentry","category-nacionalines-svietimo-agenturos-naujienos"],"acf":[],"_links":{"self":[{"href":"https:\/\/www.nsa.smsm.lt\/old\/wp-json\/wp\/v2\/posts\/23966","targetHints":{"allow":["GET"]}}],"collection":[{"href":"https:\/\/www.nsa.smsm.lt\/old\/wp-json\/wp\/v2\/posts"}],"about":[{"href":"https:\/\/www.nsa.smsm.lt\/old\/wp-json\/wp\/v2\/types\/post"}],"author":[{"embeddable":true,"href":"https:\/\/www.nsa.smsm.lt\/old\/wp-json\/wp\/v2\/users\/5"}],"replies":[{"embeddable":true,"href":"https:\/\/www.nsa.smsm.lt\/old\/wp-json\/wp\/v2\/comments?post=23966"}],"version-history":[{"count":0,"href":"https:\/\/www.nsa.smsm.lt\/old\/wp-json\/wp\/v2\/posts\/23966\/revisions"}],"wp:attachment":[{"href":"https:\/\/www.nsa.smsm.lt\/old\/wp-json\/wp\/v2\/media?parent=23966"}],"wp:term":[{"taxonomy":"category","embeddable":true,"href":"https:\/\/www.nsa.smsm.lt\/old\/wp-json\/wp\/v2\/categories?post=23966"},{"taxonomy":"post_tag","embeddable":true,"href":"https:\/\/www.nsa.smsm.lt\/old\/wp-json\/wp\/v2\/tags?post=23966"}],"curies":[{"name":"wp","href":"https:\/\/api.w.org\/{rel}","templated":true}]}}