{"id":23830,"date":"2021-06-08T16:50:32","date_gmt":"2021-06-08T14:50:32","guid":{"rendered":"https:\/\/www.nsa.smsm.lt\/old\/?p=23830"},"modified":"2021-06-08T17:02:25","modified_gmt":"2021-06-08T15:02:25","slug":"technologiju-mokytojai-kvieciami-susipazinti-su-pokyciais-technologiniame-ugdyme","status":"publish","type":"post","link":"https:\/\/www.nsa.smsm.lt\/old\/2021\/06\/08\/technologiju-mokytojai-kvieciami-susipazinti-su-pokyciais-technologiniame-ugdyme\/","title":{"rendered":"Technologij\u0173 mokytojai kvie\u010diami susipa\u017einti su poky\u010diais technologiniame ugdyme"},"content":{"rendered":"<p>Nacionalin\u0117 \u0161vietimo agent\u016bra ir Lietuvos technologij\u0173 mokytoj\u0173 asociacija kvie\u010dia technologij\u0173 mokytojus \u012f\u00a0apskritojo stalo\u00a0diskusij\u0105\u00a0 technologinio ugdymo ateities klausimais.<\/p>\n<p>Darbotvark\u0117:<\/p>\n<ul>\n<li>Vidurinio ugdymo s\u0105rangos pristatymas ir technologinio ugdymo vizija joje, apklausa \u2013 balsavimai.<\/li>\n<li>Atsakymai \u012f el. pa\u0161tu pateiktus klausimus ir pasi\u016blymus d\u0117l pasikeitim\u0173 technologiniame ugdyme.<\/li>\n<li>Refleksija.<\/li>\n<\/ul>\n<p>Iki susitikimo, kuris vyks\u00a0<strong>bir\u017eelio 11 dien\u0105 15 val.\u00a0<\/strong>visus pra\u0161ome susipa\u017einti\u00a0su\u00a0<a href=\"https:\/\/www.mokykla2030.lt\/technologinis-ugdymas-3\/\">technologij\u0173 pradinio\u00a0<\/a><a href=\"https:\/\/www.mokykla2030.lt\/technologinis-ugdymas-3\/\">ir pagrindinio ugdymo\u00a0<\/a><a href=\"https:\/\/www.mokykla2030.lt\/technologinis-ugdymas-3\/\">bendr\u0105ja\u00a0<\/a><a href=\"https:\/\/www.mokykla2030.lt\/technologinis-ugdymas-3\/\">programa<\/a>,\u00a0<a href=\"https:\/\/www.smm.lt\/web\/lt\/pranesimai_spaudai\/naujienos_1\/po-konsultaciju-su-svietimo-bendruomene-atnaujintas-vidurinio-ugdymo-pokyciu-projektas\">vidurinio ugdymo\u00a0<\/a><a href=\"https:\/\/www.smm.lt\/web\/lt\/pranesimai_spaudai\/naujienos_1\/po-konsultaciju-su-svietimo-bendruomene-atnaujintas-vidurinio-ugdymo-pokyciu-projektas\">s\u0105ranga<\/a><a href=\"https:\/\/www.smm.lt\/web\/lt\/pranesimai_spaudai\/naujienos_1\/po-konsultaciju-su-svietimo-bendruomene-atnaujintas-vidurinio-ugdymo-pokyciu-projektas\">\u00a0<\/a>bei i\u0161 anksto, iki bir\u017eelio 10 dienos 8.00 val. pateikti r\u016bpimus klausimus ir pasi\u016blymus d\u0117l technologinio ugdymo el. adresais:<\/p>\n<ul>\n<li>Eglei Vaivadienei, Nacionalin\u0117s \u0161vietimo agent\u016bros Ugdymo turinio departamento Ugdymo turinio rengimo skyriaus metodininkei, <a href=\"mailto:egle.vaivadiene@nsa.smm.lt\">egle.vaivadiene@nsa.smm.lt<\/a>,<\/li>\n<li>LTMA prezidentui Henrikui Vai\u0161vilai\u00a0<a href=\"mailto:litechma@gmail.com\">litechma@gmail.com<\/a><\/li>\n<\/ul>\n<p>Nuoroda \u012f susitikim\u0105 bus atsi\u0173sta v\u0117liau,\u00a0<a href=\"https:\/\/forms.gle\/kMH1A1zer9GBEFHJ9\">registracijoje<\/a>\u00a0pateiktais J\u016bs\u0173 el. adresais.<\/p>\n<p>&nbsp;<\/p>\n","protected":false},"excerpt":{"rendered":"<p>Nacionalin\u0117 \u0161vietimo agent\u016bra ir Lietuvos technologij\u0173 mokytoj\u0173 asociacija kvie\u010dia technologij\u0173 mokytojus \u012f\u00a0apskritojo stalo\u00a0diskusij\u0105\u00a0 technologinio ugdymo ateities klausimais. Darbotvark\u0117: Vidurinio ugdymo s\u0105rangos pristatymas ir technologinio ugdymo vizija joje, apklausa \u2013 balsavimai. Atsakymai \u012f el. pa\u0161tu pateiktus klausimus ir pasi\u016blymus d\u0117l pasikeitim\u0173&nbsp;<a href=\"https:\/\/www.nsa.smsm.lt\/old\/2021\/06\/08\/technologiju-mokytojai-kvieciami-susipazinti-su-pokyciais-technologiniame-ugdyme\/\" class=\"placiau\">Pla\u010diau <i class=\"fa fa-caret-right\"><\/i><\/a><\/p>\n","protected":false},"author":5,"featured_media":0,"comment_status":"open","ping_status":"open","sticky":false,"template":"","format":"standard","meta":{"_acf_changed":false,"footnotes":""},"categories":[1],"tags":[],"class_list":["post-23830","post","type-post","status-publish","format-standard","hentry","category-nacionalines-svietimo-agenturos-naujienos"],"acf":[],"_links":{"self":[{"href":"https:\/\/www.nsa.smsm.lt\/old\/wp-json\/wp\/v2\/posts\/23830","targetHints":{"allow":["GET"]}}],"collection":[{"href":"https:\/\/www.nsa.smsm.lt\/old\/wp-json\/wp\/v2\/posts"}],"about":[{"href":"https:\/\/www.nsa.smsm.lt\/old\/wp-json\/wp\/v2\/types\/post"}],"author":[{"embeddable":true,"href":"https:\/\/www.nsa.smsm.lt\/old\/wp-json\/wp\/v2\/users\/5"}],"replies":[{"embeddable":true,"href":"https:\/\/www.nsa.smsm.lt\/old\/wp-json\/wp\/v2\/comments?post=23830"}],"version-history":[{"count":0,"href":"https:\/\/www.nsa.smsm.lt\/old\/wp-json\/wp\/v2\/posts\/23830\/revisions"}],"wp:attachment":[{"href":"https:\/\/www.nsa.smsm.lt\/old\/wp-json\/wp\/v2\/media?parent=23830"}],"wp:term":[{"taxonomy":"category","embeddable":true,"href":"https:\/\/www.nsa.smsm.lt\/old\/wp-json\/wp\/v2\/categories?post=23830"},{"taxonomy":"post_tag","embeddable":true,"href":"https:\/\/www.nsa.smsm.lt\/old\/wp-json\/wp\/v2\/tags?post=23830"}],"curies":[{"name":"wp","href":"https:\/\/api.w.org\/{rel}","templated":true}]}}