{"id":23818,"date":"2021-06-09T14:38:27","date_gmt":"2021-06-09T12:38:27","guid":{"rendered":"https:\/\/www.nsa.smsm.lt\/old\/?p=23818"},"modified":"2021-06-14T06:29:48","modified_gmt":"2021-06-14T04:29:48","slug":"vaizdo-konferencija-diskusija-pirmus-dvejus-metus-dirbantiems-svietimo-istaigu-vadovams","status":"publish","type":"post","link":"https:\/\/www.nsa.smsm.lt\/old\/2021\/06\/09\/vaizdo-konferencija-diskusija-pirmus-dvejus-metus-dirbantiems-svietimo-istaigu-vadovams\/","title":{"rendered":"Vaizdo konferencija-diskusija pirmus dvejus metus dirbantiems \u0161vietimo \u012fstaig\u0173 vadovams"},"content":{"rendered":"<p>Kvie\u010diame pirmus dvejus metus dirban\u010dius \u0161vietimo \u012fstaig\u0173 vadovus \u0161. m. bir\u017eelio 17 d. 15 val. dalyvauti Nacionalin\u0117s \u0161vietimo agent\u016bros \u0160vietimo pagalbos departamento Mokykl\u0173 veiklos pl\u0117tros skyriaus organizuojamoje vaizdo konferencijoje-diskusijoje. Renginio tikslas \u2013 skatinti pirmus dvejus metus dirban\u010di\u0173 \u0161vietimo \u012fstaig\u0173 vadov\u0173 bendradarbiavim\u0105 ir teikti \u0161vietimo pagalb\u0105.<\/p>\n<p>Nacionalin\u0117 \u0161vietimo agent\u016bra, \u012fgyvendindama \u0160MSM paskirtas funkcijas, telkia pirmus dvejus metus dirban\u010dius \u0161vietimo \u012fstaig\u0173 vadovus. Vyks jau antrasis susitikimas, kurio pirmojoje dalyje savo patirtimi dalysis patys vadovai. Apie mokyklos direktoriaus kilni\u0105j\u0105 misij\u0105, da\u017eniausiai pasitaikan\u010dius i\u0161\u0161\u016bkius vadovo profesiniame kelyje, kurie augina, dalysis vadovas mentorius Mi\u0161a Jakobas. Antrojoje konferencijos dalyje diskutuosime apie bendradarbiavim\u0105 ir pagalb\u0105 pla\u010di\u0105ja prasme. Ilgalaik\u0117s mentoryst\u0117s patirtimi ir kuo ji svarbi pradedan\u010diajam vadybin\u012f darb\u0105 pedagogui pasidalys buvusi vadov\u0117 mentor\u0117, dabar \u2013 N\u0160A direktor\u0117 R\u016bta Krasauskien\u0117.<\/p>\n<p>\u0160iuo renginiu t\u0119siamas Mokykl\u0173 veiklos pl\u0117tros skyriaus organizuojamo vie\u0161\u0173j\u0173 konsultacij\u0173 ciklas \u201e\u012esivertinimas, vadybi\u0161kumas, geros mokyklos k\u016brimas\u201c.<\/p>\n<p>Renginys bus \u012fra\u0161omas. Trukm\u0117 \u2013 apie 90 min.<\/p>\n<p><strong><a href=\"https:\/\/www.nsa.smsm.lt\/old\/old\/wp-content\/uploads\/2021\/06\/Programa.pdf\">Programa<\/a><\/strong><\/p>\n<p><strong><a href=\"https:\/\/forms.office.com\/pages\/responsepage.aspx?id=umfGY12K0EKXrRF1yOGwErhDBe6KthBEnXQ1-W4i2kJUQU9FR1dJTDMwVldIM1YzUk9TMTc2S0ZQSi4u\">NUORODA REGISTRACIJAI<\/a><\/strong><\/p>\n<p>Maloniai kvie\u010diame registruotis ir dalyvauti!<\/p>\n<p>&nbsp;<\/p>\n<p>Regina \u017dukien\u0117<br \/>\nNacionalin\u0117s \u0161vietimo agent\u016bros<br \/>\n\u0160vietimo pagalbos departamento<br \/>\nMokykl\u0173 veiklos pl\u0117tros skyriaus metodinink\u0117<\/p>\n","protected":false},"excerpt":{"rendered":"<p>Kvie\u010diame pirmus dvejus metus dirban\u010dius \u0161vietimo \u012fstaig\u0173 vadovus \u0161. m. bir\u017eelio 17 d. 15 val. dalyvauti Nacionalin\u0117s \u0161vietimo agent\u016bros \u0160vietimo pagalbos departamento Mokykl\u0173 veiklos pl\u0117tros skyriaus organizuojamoje vaizdo konferencijoje-diskusijoje. Renginio tikslas \u2013 skatinti pirmus dvejus metus dirban\u010di\u0173 \u0161vietimo \u012fstaig\u0173 vadov\u0173&nbsp;<a href=\"https:\/\/www.nsa.smsm.lt\/old\/2021\/06\/09\/vaizdo-konferencija-diskusija-pirmus-dvejus-metus-dirbantiems-svietimo-istaigu-vadovams\/\" class=\"placiau\">Pla\u010diau <i class=\"fa fa-caret-right\"><\/i><\/a><\/p>\n","protected":false},"author":5,"featured_media":0,"comment_status":"open","ping_status":"open","sticky":false,"template":"","format":"standard","meta":{"_acf_changed":false,"footnotes":""},"categories":[1],"tags":[],"class_list":["post-23818","post","type-post","status-publish","format-standard","hentry","category-nacionalines-svietimo-agenturos-naujienos"],"acf":[],"_links":{"self":[{"href":"https:\/\/www.nsa.smsm.lt\/old\/wp-json\/wp\/v2\/posts\/23818","targetHints":{"allow":["GET"]}}],"collection":[{"href":"https:\/\/www.nsa.smsm.lt\/old\/wp-json\/wp\/v2\/posts"}],"about":[{"href":"https:\/\/www.nsa.smsm.lt\/old\/wp-json\/wp\/v2\/types\/post"}],"author":[{"embeddable":true,"href":"https:\/\/www.nsa.smsm.lt\/old\/wp-json\/wp\/v2\/users\/5"}],"replies":[{"embeddable":true,"href":"https:\/\/www.nsa.smsm.lt\/old\/wp-json\/wp\/v2\/comments?post=23818"}],"version-history":[{"count":0,"href":"https:\/\/www.nsa.smsm.lt\/old\/wp-json\/wp\/v2\/posts\/23818\/revisions"}],"wp:attachment":[{"href":"https:\/\/www.nsa.smsm.lt\/old\/wp-json\/wp\/v2\/media?parent=23818"}],"wp:term":[{"taxonomy":"category","embeddable":true,"href":"https:\/\/www.nsa.smsm.lt\/old\/wp-json\/wp\/v2\/categories?post=23818"},{"taxonomy":"post_tag","embeddable":true,"href":"https:\/\/www.nsa.smsm.lt\/old\/wp-json\/wp\/v2\/tags?post=23818"}],"curies":[{"name":"wp","href":"https:\/\/api.w.org\/{rel}","templated":true}]}}