{"id":23655,"date":"2021-06-01T08:46:36","date_gmt":"2021-06-01T06:46:36","guid":{"rendered":"https:\/\/www.nsa.smsm.lt\/old\/?p=23655"},"modified":"2021-06-01T09:05:01","modified_gmt":"2021-06-01T07:05:01","slug":"kvieciame-mokyklu-vadovus-dalyvauti-mokymuose","status":"publish","type":"post","link":"https:\/\/www.nsa.smsm.lt\/old\/2021\/06\/01\/kvieciame-mokyklu-vadovus-dalyvauti-mokymuose\/","title":{"rendered":"Kvie\u010diame mokykl\u0173 vadovus dalyvauti mokymuose"},"content":{"rendered":"<p>Nacionalin\u0117 \u0161vietimo agent\u016bra kvie\u010dia mokykl\u0173, kurios vykdo pradinio ugdymo program\u0105, vadovus ar j\u0173 pavaduotojus dalyvauti mokymuose \u201e<strong>\u012etraukiojo ugdymo pl\u0117tra bendrojo ugdymo mokyklose<\/strong>\u201c. Mokym\u0173 metu aptarsime nuostatas \u012f \u012ftrauk\u0173j\u012f ugdym\u0105, jo organizavimo mokykloje etapus ir \u017eingsnius. D\u0117mesys bus skiriamas mokyklos vadovo vaidmeniui, vienijant mokyklos bendruomen\u0117s narius ir kuriant palankias ugdymosi s\u0105lygas visiems mokiniams. Mokykl\u0173 vadovai tur\u0117s galimyb\u0119 \u012fvertinti mokyklos pasirengim\u0105 \u012ftraukties \u012fgyvendinimui, numatyti tobulintinas sritis bei gerinti sprendim\u0173 pri\u0117mimo, diskusij\u0173, problem\u0173 analiz\u0117s \u012fg\u016bd\u017eius. Praktiniai u\u017esi\u0117mimai bus skirti savianalizei, komandinio darbo \u012fg\u016bd\u017ei\u0173 tobulinti.<\/p>\n<p>Mokym\u0173 lektor\u0117s &#8211; psicholog\u0117s dr. Irina Bla\u017eien\u0117 ir Vilma Voi\u0161nien\u0117.<\/p>\n<p>Mokymai vyks ZOOM platformoje. Trukm\u0117: 8 akad. val. \u00a0Prad\u017eia \u2013 9.00 val.<\/p>\n<p>&nbsp;<\/p>\n<p><strong>B\u016btina i\u0161ankstin\u0117 registracija:<\/strong><\/p>\n<p>I ir II grup\u0117s \u2013 2021 m. bir\u017eelio 17 d.\u00a0I\u0161ankstin\u0117s registracijos nuoroda: <a href=\"https:\/\/forms.office.com\/Pages\/ResponsePage.aspx?id=umfGY12K0EKXrRF1yOGwEofgzAeZkDVJrhGrVeqWw9RUQ1lKN0o2UDZBOUtCSlpJTFFHUTZSSVNHSiQlQCN0PWcu\">https:\/\/forms.office.com\/Pages\/ResponsePage.aspx?id=umfGY12K0EKXrRF1yOGwEofgzAeZkDVJrhGrVeqWw9RUQ1lKN0o2UDZBOUtCSlpJTFFHUTZSSVNHSiQlQCN0PWcu<\/a><\/p>\n<p><span style=\"font-style: inherit; font-weight: inherit;\">\u00a0<\/span><\/p>\n<p><span style=\"font-style: inherit; font-weight: inherit;\">III ir IV grup\u0117s \u2013 2021 m. bir\u017eelio 18 d.\u00a0I\u0161ankstin\u0117s registracijos nuoroda: <\/span><a href=\"https:\/\/forms.office.com\/Pages\/ResponsePage.aspx?id=umfGY12K0EKXrRF1yOGwEofgzAeZkDVJrhGrVeqWw9RUQUlHN1RFS0xOOENYQzg1T1JRMU9NSEtYSiQlQCN0PWcu\">https:\/\/forms.office.com\/Pages\/ResponsePage.aspx?id=umfGY12K0EKXrRF1yOGwEofgzAeZkDVJrhGrVeqWw9RUQUlHN1RFS0xOOENYQzg1T1JRMU9NSEtYSiQlQCN0PWcu<\/a><\/p>\n<p><span style=\"font-style: inherit; font-weight: inherit;\">\u00a0<\/span><\/p>\n<p><span style=\"font-style: inherit; font-weight: inherit;\">V grup\u0117 \u2013 2021 m. bir\u017eelio 21 d.\u00a0I\u0161ankstin\u0117s registracijos nuoroda: <\/span><a href=\"https:\/\/forms.office.com\/Pages\/ResponsePage.aspx?id=umfGY12K0EKXrRF1yOGwEofgzAeZkDVJrhGrVeqWw9RUQzBIV01LM1FWNzFDVEcyTjFCTURGQ1haMCQlQCN0PWcu\">https:\/\/forms.office.com\/Pages\/ResponsePage.aspx?id=umfGY12K0EKXrRF1yOGwEofgzAeZkDVJrhGrVeqWw9RUQzBIV01LM1FWNzFDVEcyTjFCTURGQ1haMCQlQCN0PWcu<\/a><\/p>\n<p>&nbsp;<\/p>\n<p>Prisijungimo nuoroda bus atsi\u0173sta u\u017esiregistravusiems dalyviams likus valandai iki mokym\u0173 prad\u017eios.<\/p>\n<p>Dalyvi\u0173 skai\u010dius ribotas. Dalyvauti gali tik u\u017esiregistrav\u0119 dalyviai.<\/p>\n<p>Mokymai vykdomi \u012fgyvendinant Europos socialinio fondo l\u0117\u0161omis finansuojamo projekto \u201e\u012etraukiojo ugdymo galimybi\u0173 pl\u0117tra, I etapas\u201c (Nr. 09.2.2-ESFA-V-707-03-0001) veiklas.<\/p>\n<p>&nbsp;<\/p>\n<p>Vilma Aleksien\u0117<\/p>\n<p>Projekto \u201e\u012etraukiojo ugdymo galimybi\u0173 pl\u0117tra, I etapas\u201c metodinink\u0117<\/p>\n<p>El. pa\u0161tas <a href=\"mailto:Vilma.Aleksiene@nsa.smm.lt\">Vilma.Aleksiene@nsa.smm.lt<\/a><\/p>\n","protected":false},"excerpt":{"rendered":"<p>Nacionalin\u0117 \u0161vietimo agent\u016bra kvie\u010dia mokykl\u0173, kurios vykdo pradinio ugdymo program\u0105, vadovus ar j\u0173 pavaduotojus dalyvauti mokymuose \u201e\u012etraukiojo ugdymo pl\u0117tra bendrojo ugdymo mokyklose\u201c. Mokym\u0173 metu aptarsime nuostatas \u012f \u012ftrauk\u0173j\u012f ugdym\u0105, jo organizavimo mokykloje etapus ir \u017eingsnius. D\u0117mesys bus skiriamas mokyklos vadovo&nbsp;<a href=\"https:\/\/www.nsa.smsm.lt\/old\/2021\/06\/01\/kvieciame-mokyklu-vadovus-dalyvauti-mokymuose\/\" class=\"placiau\">Pla\u010diau <i class=\"fa fa-caret-right\"><\/i><\/a><\/p>\n","protected":false},"author":5,"featured_media":0,"comment_status":"open","ping_status":"open","sticky":false,"template":"","format":"standard","meta":{"_acf_changed":false,"footnotes":""},"categories":[1],"tags":[],"class_list":["post-23655","post","type-post","status-publish","format-standard","hentry","category-nacionalines-svietimo-agenturos-naujienos"],"acf":[],"_links":{"self":[{"href":"https:\/\/www.nsa.smsm.lt\/old\/wp-json\/wp\/v2\/posts\/23655","targetHints":{"allow":["GET"]}}],"collection":[{"href":"https:\/\/www.nsa.smsm.lt\/old\/wp-json\/wp\/v2\/posts"}],"about":[{"href":"https:\/\/www.nsa.smsm.lt\/old\/wp-json\/wp\/v2\/types\/post"}],"author":[{"embeddable":true,"href":"https:\/\/www.nsa.smsm.lt\/old\/wp-json\/wp\/v2\/users\/5"}],"replies":[{"embeddable":true,"href":"https:\/\/www.nsa.smsm.lt\/old\/wp-json\/wp\/v2\/comments?post=23655"}],"version-history":[{"count":0,"href":"https:\/\/www.nsa.smsm.lt\/old\/wp-json\/wp\/v2\/posts\/23655\/revisions"}],"wp:attachment":[{"href":"https:\/\/www.nsa.smsm.lt\/old\/wp-json\/wp\/v2\/media?parent=23655"}],"wp:term":[{"taxonomy":"category","embeddable":true,"href":"https:\/\/www.nsa.smsm.lt\/old\/wp-json\/wp\/v2\/categories?post=23655"},{"taxonomy":"post_tag","embeddable":true,"href":"https:\/\/www.nsa.smsm.lt\/old\/wp-json\/wp\/v2\/tags?post=23655"}],"curies":[{"name":"wp","href":"https:\/\/api.w.org\/{rel}","templated":true}]}}