{"id":23615,"date":"2021-05-27T11:45:25","date_gmt":"2021-05-27T09:45:25","guid":{"rendered":"https:\/\/www.nsa.smsm.lt\/old\/?p=23615"},"modified":"2021-05-27T12:52:41","modified_gmt":"2021-05-27T10:52:41","slug":"vaizdo-konferencija-diskusija-pavaduotoju-lyderyste-nuotolinio-ir-kontaktinio-mokymosi-derinimas-mokymasis-lauke","status":"publish","type":"post","link":"https:\/\/www.nsa.smsm.lt\/old\/2021\/05\/27\/vaizdo-konferencija-diskusija-pavaduotoju-lyderyste-nuotolinio-ir-kontaktinio-mokymosi-derinimas-mokymasis-lauke\/","title":{"rendered":"Vaizdo konferencija-diskusija \u201ePavaduotoj\u0173 lyderyst\u0117: nuotolinio ir kontaktinio mokymosi derinimas, mokymasis lauke\u201c"},"content":{"rendered":"<p>T\u0119siamos vaizdo konferencijos-diskusijos bendrojo ugdymo mokykl\u0173 direktori\u0173 pavaduotojams ugdymui. <strong>Bir\u017eelio 1 d. (antradien\u012f) 15 val.<\/strong> vyks Nacionalin\u0117s \u0161vietimo agent\u016bros organizuojama vaizdo konferencija-diskusija \u201ePavaduotoj\u0173 lyderyst\u0117: nuotolinio ir kontaktinio mokymosi derinimas, mokymasis lauke\u201c.<\/p>\n<p>Konferencijoje-diskusijoje bus kalbama apie nuotolinio ir kontaktinio mokymosi proceso organizavimo b\u016bd\u0173 derinim\u0105, adaptacij\u0105 gr\u012f\u017eus \u012f mokykl\u0105, mokym\u0105si lauke gegu\u017e\u0117s ir vasaros m\u0117nesiais.<\/p>\n<p>Probleminiai klausimai:<\/p>\n<ul>\n<li>Kaip deriname nuotolin\u012f ir kontaktin\u012f mokym\u0105 mokykloje?<\/li>\n<li>Kokios priemon\u0117s pad\u0117t\u0173 atstatyti mokini\u0173 socialinius \u012fg\u016bd\u017eius, stiprinti emocin\u0119 sveikat\u0105, fizin\u0119 b\u016bkl\u0119?<\/li>\n<li>Ko ir kaip galime mokytis lauke?<\/li>\n<li>Kaip planuojame neformal\u0173j\u012f vaik\u0173 \u0161vietim\u0105 vasaros atostog\u0173 metu?<\/li>\n<\/ul>\n<p>Konferencijos-diskusijos metu patirtimis ir \u012f\u017evalgomis dalysis Kauno r. Garliavos Jonu\u010di\u0173 progimnazijos, Klaip\u0117dos r. Priekul\u0117s Ievos Simonaityt\u0117s gimnazijos, Ukmerg\u0117s Dukstynos pagrindin\u0117s mokyklos direktori\u0173 pavaduotojai ugdymui, vadovai.<\/p>\n<p>Informuojame, kad renginys bus \u012fra\u0161omas.<\/p>\n<p><a href=\"https:\/\/forms.office.com\/Pages\/ResponsePage.aspx?id=umfGY12K0EKXrRF1yOGwEjj5uhd99k9DrPIn9ecnmKZUNTFBVkNOTU5OQ0FOQlg1VkQzNzRNM0JRVi4u\"><strong>NUORODA REGISTRACIJAI<\/strong><\/a><\/p>\n<p>Maloniai kvie\u010diame registruotis, atsakyti \u012f atvir\u0105 klausim\u0105 ir dalyvauti!<\/p>\n<p>&nbsp;<\/p>\n<p style=\"margin: 0cm; margin-bottom: .0001pt; line-height: 115%; background: white;\"><span style=\"color: #212529; background: white;\">Albina Vilimien\u0117<\/span><span style=\"color: #212529;\"><br style=\"font-variant-ligatures: normal; font-variant-caps: normal; orphans: 2; text-align: start; widows: 2; -webkit-text-stroke-width: 0px; text-decoration-thickness: initial; text-decoration-style: initial; text-decoration-color: initial; word-spacing: 0px;\" \/><span style=\"background: white;\"><span style=\"font-variant-ligatures: normal; font-variant-caps: normal; orphans: 2; text-align: start; widows: 2; -webkit-text-stroke-width: 0px; text-decoration-thickness: initial; text-decoration-style: initial; text-decoration-color: initial; float: none; word-spacing: 0px;\">Nacionalin\u0117s \u0161vietimo agent\u016bros<\/span><\/span><br style=\"font-variant-ligatures: normal; font-variant-caps: normal; orphans: 2; text-align: start; widows: 2; -webkit-text-stroke-width: 0px; text-decoration-thickness: initial; text-decoration-style: initial; text-decoration-color: initial; word-spacing: 0px;\" \/><span style=\"background: white;\"><span style=\"font-variant-ligatures: normal; font-variant-caps: normal; orphans: 2; text-align: start; widows: 2; -webkit-text-stroke-width: 0px; text-decoration-thickness: initial; text-decoration-style: initial; text-decoration-color: initial; float: none; word-spacing: 0px;\">\u0160vietimo pagalbos departamento<\/span><\/span><br style=\"font-variant-ligatures: normal; font-variant-caps: normal; orphans: 2; text-align: start; widows: 2; -webkit-text-stroke-width: 0px; text-decoration-thickness: initial; text-decoration-style: initial; text-decoration-color: initial; word-spacing: 0px;\" \/><span style=\"background: white;\"><span style=\"font-variant-ligatures: normal; font-variant-caps: normal; orphans: 2; text-align: start; widows: 2; -webkit-text-stroke-width: 0px; text-decoration-thickness: initial; text-decoration-style: initial; text-decoration-color: initial; float: none; word-spacing: 0px;\">Mokykl\u0173 veiklos pl\u0117tros skyriaus ved\u0117ja<\/span><\/span><br style=\"font-variant-ligatures: normal; font-variant-caps: normal; orphans: 2; text-align: start; widows: 2; -webkit-text-stroke-width: 0px; text-decoration-thickness: initial; text-decoration-style: initial; text-decoration-color: initial; word-spacing: 0px;\" \/><span style=\"background: white;\"><span style=\"font-variant-ligatures: normal; font-variant-caps: normal; orphans: 2; text-align: start; widows: 2; -webkit-text-stroke-width: 0px; text-decoration-thickness: initial; text-decoration-style: initial; text-decoration-color: initial; float: none; word-spacing: 0px;\">El. p. <a href=\"mailto:Albina.Vilimiene@nsa.smm.lt\">Albina.Vilimiene@nsa.smm.lt<\/a><\/span><\/span><\/span><\/p>\n","protected":false},"excerpt":{"rendered":"<p>T\u0119siamos vaizdo konferencijos-diskusijos bendrojo ugdymo mokykl\u0173 direktori\u0173 pavaduotojams ugdymui. Bir\u017eelio 1 d. (antradien\u012f) 15 val. vyks Nacionalin\u0117s \u0161vietimo agent\u016bros organizuojama vaizdo konferencija-diskusija \u201ePavaduotoj\u0173 lyderyst\u0117: nuotolinio ir kontaktinio mokymosi derinimas, mokymasis lauke\u201c. Konferencijoje-diskusijoje bus kalbama apie nuotolinio ir kontaktinio mokymosi proceso&nbsp;<a href=\"https:\/\/www.nsa.smsm.lt\/old\/2021\/05\/27\/vaizdo-konferencija-diskusija-pavaduotoju-lyderyste-nuotolinio-ir-kontaktinio-mokymosi-derinimas-mokymasis-lauke\/\" class=\"placiau\">Pla\u010diau <i class=\"fa fa-caret-right\"><\/i><\/a><\/p>\n","protected":false},"author":5,"featured_media":0,"comment_status":"open","ping_status":"open","sticky":false,"template":"","format":"standard","meta":{"_acf_changed":false,"footnotes":""},"categories":[1],"tags":[],"class_list":["post-23615","post","type-post","status-publish","format-standard","hentry","category-nacionalines-svietimo-agenturos-naujienos"],"acf":[],"_links":{"self":[{"href":"https:\/\/www.nsa.smsm.lt\/old\/wp-json\/wp\/v2\/posts\/23615","targetHints":{"allow":["GET"]}}],"collection":[{"href":"https:\/\/www.nsa.smsm.lt\/old\/wp-json\/wp\/v2\/posts"}],"about":[{"href":"https:\/\/www.nsa.smsm.lt\/old\/wp-json\/wp\/v2\/types\/post"}],"author":[{"embeddable":true,"href":"https:\/\/www.nsa.smsm.lt\/old\/wp-json\/wp\/v2\/users\/5"}],"replies":[{"embeddable":true,"href":"https:\/\/www.nsa.smsm.lt\/old\/wp-json\/wp\/v2\/comments?post=23615"}],"version-history":[{"count":0,"href":"https:\/\/www.nsa.smsm.lt\/old\/wp-json\/wp\/v2\/posts\/23615\/revisions"}],"wp:attachment":[{"href":"https:\/\/www.nsa.smsm.lt\/old\/wp-json\/wp\/v2\/media?parent=23615"}],"wp:term":[{"taxonomy":"category","embeddable":true,"href":"https:\/\/www.nsa.smsm.lt\/old\/wp-json\/wp\/v2\/categories?post=23615"},{"taxonomy":"post_tag","embeddable":true,"href":"https:\/\/www.nsa.smsm.lt\/old\/wp-json\/wp\/v2\/tags?post=23615"}],"curies":[{"name":"wp","href":"https:\/\/api.w.org\/{rel}","templated":true}]}}