{"id":22867,"date":"2021-05-13T10:20:05","date_gmt":"2021-05-13T08:20:05","guid":{"rendered":"https:\/\/www.nsa.smsm.lt\/old\/?p=22867"},"modified":"2021-05-14T07:31:24","modified_gmt":"2021-05-14T05:31:24","slug":"vaizdo-konferencija-kolegialus-griztamasis-rysys-veiksmingas-mokytoju-mokymosi-metodas","status":"publish","type":"post","link":"https:\/\/www.nsa.smsm.lt\/old\/2021\/05\/13\/vaizdo-konferencija-kolegialus-griztamasis-rysys-veiksmingas-mokytoju-mokymosi-metodas\/","title":{"rendered":"Vaizdo konferencija \u201eKolegialus gr\u012f\u017etamasis ry\u0161ys \u2013 veiksmingas mokytoj\u0173 mokymosi metodas\u201c"},"content":{"rendered":"<p>Kvie\u010diame bendrojo ugdymo mokykl\u0173 direktorius, j\u0173 pavaduotojus, mokykl\u0173 veiklos \u012fsivertinimo grupi\u0173 narius \u0161. m. gegu\u017e\u0117s 20 d. 14 val. dalyvauti Nacionalin\u0117s \u0161vietimo agent\u016bros \u0160vietimo pagalbos departamento Mokykl\u0173 veiklos pl\u0117tros skyriaus organizuojamoje vaizdo konferencijoje\u00a0<strong>\u201eKolegialus gr\u012f\u017etamasis ry\u0161ys \u2013 veiksmingas mokytoj\u0173 mokymosi metodas\u201c<\/strong>.<\/p>\n<p>\u0160iuo renginiu t\u0119siamas vie\u0161\u0173j\u0173 konsultacij\u0173 ciklo \u201e\u012esivertinimas, vadybi\u0161kumas, geros mokyklos k\u016brimas\u201c praktin\u0117s patirties dalijimasis ir bendradarbiavimas teikiant \u0161vietimo pagalb\u0105.<\/p>\n<p>Konsultacijoje bus kalbama apie\u00a0kolegialaus gr\u012f\u017etamojo ry\u0161io metodo taikym\u0105 mokytoj\u0173 metodin\u0117se grup\u0117se, mokymosi komandose. Prane\u0161\u0117ja \u2013 Mokykl\u0173 veiklos pl\u0117tros skyriaus metodinink\u0117\u00a0Laima Gudait\u0117.<\/p>\n<p>Praktine patirtimi apie kolegialaus gr\u012f\u017etamojo ry\u0161io duomen\u0173 naudojim\u0105 siekiant strategini\u0173 mokyklos tiksl\u0173, stiprinant veiklas, tobulinant mokytoj\u0173 profesines kompetencijas dalysis Utenos r. Kra\u0161uonos progimnazijos direktoriaus pavaduotoja Viktorija Vil\u016bnien\u0117, dail\u0117s mokytoja ekspert\u0117 Dalia Puod\u017eiukien\u0117. Apie kolegialaus gr\u012f\u017etamojo ry\u0161io \u012ftak\u0105 mokini\u0173 pasiekimams ir pa\u017eangai \u2013 K\u0117daini\u0173 r. \u0160\u0117tos gimnazijos direktoriaus pavaduotoja Neringa \u0160irkien\u0117 ir \u0161ios gimnazijos mokytojai.<\/p>\n<p>Konsultacij\u0105 apibendrins \u0161vietimo ekspertas dr. Aurimas Marijus Juozaitis.<\/p>\n<p>Trukm\u0117\u00a0\u2013 apie 1,5 val. Informuojame, kad renginys bus \u012fra\u0161omas.<\/p>\n<p><strong><a href=\"https:\/\/www.nsa.smsm.lt\/old\/old\/wp-content\/uploads\/2021\/05\/Programa-2021-05-20.pdf\">Programa <\/a><\/strong><\/p>\n<p><strong><u><a href=\"https:\/\/forms.office.com\/r\/V9TTZcxyRN\">NUORODA REGISTRACIJAI<\/a><\/u><\/strong><\/p>\n<p>Maloniai kvie\u010diame registruotis ir dalyvauti!<\/p>\n<p>&nbsp;<\/p>\n<p>Laima Gudait\u0117<br \/>\nNacionalin\u0117s \u0161vietimo agent\u016bros<br \/>\n\u0160vietimo pagalbos departamento<br \/>\nMokykl\u0173 veiklos pl\u0117tros skyriaus metodinink\u0117<\/p>\n","protected":false},"excerpt":{"rendered":"<p>Kvie\u010diame bendrojo ugdymo mokykl\u0173 direktorius, j\u0173 pavaduotojus, mokykl\u0173 veiklos \u012fsivertinimo grupi\u0173 narius \u0161. m. gegu\u017e\u0117s 20 d. 14 val. dalyvauti Nacionalin\u0117s \u0161vietimo agent\u016bros \u0160vietimo pagalbos departamento Mokykl\u0173 veiklos pl\u0117tros skyriaus organizuojamoje vaizdo konferencijoje\u00a0\u201eKolegialus gr\u012f\u017etamasis ry\u0161ys \u2013 veiksmingas mokytoj\u0173 mokymosi metodas\u201c.&nbsp;<a href=\"https:\/\/www.nsa.smsm.lt\/old\/2021\/05\/13\/vaizdo-konferencija-kolegialus-griztamasis-rysys-veiksmingas-mokytoju-mokymosi-metodas\/\" class=\"placiau\">Pla\u010diau <i class=\"fa fa-caret-right\"><\/i><\/a><\/p>\n","protected":false},"author":5,"featured_media":0,"comment_status":"open","ping_status":"open","sticky":false,"template":"","format":"standard","meta":{"_acf_changed":false,"footnotes":""},"categories":[1],"tags":[],"class_list":["post-22867","post","type-post","status-publish","format-standard","hentry","category-nacionalines-svietimo-agenturos-naujienos"],"acf":[],"_links":{"self":[{"href":"https:\/\/www.nsa.smsm.lt\/old\/wp-json\/wp\/v2\/posts\/22867","targetHints":{"allow":["GET"]}}],"collection":[{"href":"https:\/\/www.nsa.smsm.lt\/old\/wp-json\/wp\/v2\/posts"}],"about":[{"href":"https:\/\/www.nsa.smsm.lt\/old\/wp-json\/wp\/v2\/types\/post"}],"author":[{"embeddable":true,"href":"https:\/\/www.nsa.smsm.lt\/old\/wp-json\/wp\/v2\/users\/5"}],"replies":[{"embeddable":true,"href":"https:\/\/www.nsa.smsm.lt\/old\/wp-json\/wp\/v2\/comments?post=22867"}],"version-history":[{"count":0,"href":"https:\/\/www.nsa.smsm.lt\/old\/wp-json\/wp\/v2\/posts\/22867\/revisions"}],"wp:attachment":[{"href":"https:\/\/www.nsa.smsm.lt\/old\/wp-json\/wp\/v2\/media?parent=22867"}],"wp:term":[{"taxonomy":"category","embeddable":true,"href":"https:\/\/www.nsa.smsm.lt\/old\/wp-json\/wp\/v2\/categories?post=22867"},{"taxonomy":"post_tag","embeddable":true,"href":"https:\/\/www.nsa.smsm.lt\/old\/wp-json\/wp\/v2\/tags?post=22867"}],"curies":[{"name":"wp","href":"https:\/\/api.w.org\/{rel}","templated":true}]}}