{"id":22784,"date":"2021-05-10T12:15:36","date_gmt":"2021-05-10T10:15:36","guid":{"rendered":"https:\/\/www.nsa.smsm.lt\/old\/?p=22784"},"modified":"2021-05-12T14:13:44","modified_gmt":"2021-05-12T12:13:44","slug":"vaizdo-konferencija-pirmus-dvejus-metus-dirbantiems-svietimo-istaigu-vadovams","status":"publish","type":"post","link":"https:\/\/www.nsa.smsm.lt\/old\/2021\/05\/10\/vaizdo-konferencija-pirmus-dvejus-metus-dirbantiems-svietimo-istaigu-vadovams\/","title":{"rendered":"Vaizdo konferencija pirmus dvejus metus dirbantiems \u0161vietimo \u012fstaig\u0173 vadovams"},"content":{"rendered":"<p>Kvie\u010diame \u0161. m. gegu\u017e\u0117s 17 d. 14 val. dalyvauti Nacionalin\u0117s \u0161vietimo agent\u016bros \u0160vietimo pagalbos departamento Mokykl\u0173 veiklos pl\u0117tros skyriaus organizuojamoje vaizdo konferencijoje, kuri\u00a0 skirta pirmus dvejus metus dirbantiems \u0161vietimo \u012fstaig\u0173 vadovams. Renginio tikslas \u2013 skatinti pirmus dvejus metus dirban\u010di\u0173 \u0161vietimo \u012fstaig\u0173 vadov\u0173 bendradarbiavim\u0105 ir teikti \u0161vietimo pagalb\u0105.<\/p>\n<p>Virtualiame susitikime trumpai ap\u017evelgsime bendradarbiavimo galimybes, apie lyderio \u012ftak\u0105 komandos darbui dalysis Alytaus lop\u0161elio-dar\u017eelio \u201eVolung\u0117l\u0117\u201c direktor\u0117, \u0161vietimo \u012fstaig\u0173 vadov\u0117 mentor\u0117 Au\u0161ra Plytninkait\u0117.<\/p>\n<p>\u0160iuo renginiu t\u0119siamas Mokykl\u0173 veiklos pl\u0117tros skyriaus organizuojamo vie\u0161\u0173j\u0173 konsultacij\u0173 ciklas \u201e\u012esivertinimas, vadybi\u0161kumas, geros mokyklos k\u016brimas\u201c.<\/p>\n<p>Renginys bus \u012fra\u0161omas. Trukm\u0117 \u2013 apie 120 min.<\/p>\n<p><a href=\"https:\/\/www.nsa.smsm.lt\/old\/old\/wp-content\/uploads\/2021\/05\/Programa.pdf\">Programa<\/a><\/p>\n<p><a href=\"https:\/\/forms.office.com\/r\/vPFdH0WmK6\">NUORODA REGISTRACIJAI<\/a><\/p>\n<p>Maloniai kvie\u010diame registruotis ir dalyvauti!<\/p>\n<p>&nbsp;<\/p>\n<p>Regina \u017dukien\u0117<strong><br \/>\n<\/strong>Nacionalin\u0117s \u0161vietimo agent\u016bros<br \/>\n\u0160vietimo pagalbos departamento<br \/>\nMokykl\u0173 veiklos pl\u0117tros skyriaus metodinink\u0117<br \/>\nEl. p.\u00a0<a href=\"mailto:regina.zukiene@nsa.smm.lt\">regina.zukiene@nsa.smm.lt<\/a><\/p>\n","protected":false},"excerpt":{"rendered":"<p>Kvie\u010diame \u0161. m. gegu\u017e\u0117s 17 d. 14 val. dalyvauti Nacionalin\u0117s \u0161vietimo agent\u016bros \u0160vietimo pagalbos departamento Mokykl\u0173 veiklos pl\u0117tros skyriaus organizuojamoje vaizdo konferencijoje, kuri\u00a0 skirta pirmus dvejus metus dirbantiems \u0161vietimo \u012fstaig\u0173 vadovams. Renginio tikslas \u2013 skatinti pirmus dvejus metus dirban\u010di\u0173 \u0161vietimo&nbsp;<a href=\"https:\/\/www.nsa.smsm.lt\/old\/2021\/05\/10\/vaizdo-konferencija-pirmus-dvejus-metus-dirbantiems-svietimo-istaigu-vadovams\/\" class=\"placiau\">Pla\u010diau <i class=\"fa fa-caret-right\"><\/i><\/a><\/p>\n","protected":false},"author":5,"featured_media":0,"comment_status":"open","ping_status":"open","sticky":false,"template":"","format":"standard","meta":{"_acf_changed":false,"footnotes":""},"categories":[1],"tags":[],"class_list":["post-22784","post","type-post","status-publish","format-standard","hentry","category-nacionalines-svietimo-agenturos-naujienos"],"acf":[],"_links":{"self":[{"href":"https:\/\/www.nsa.smsm.lt\/old\/wp-json\/wp\/v2\/posts\/22784","targetHints":{"allow":["GET"]}}],"collection":[{"href":"https:\/\/www.nsa.smsm.lt\/old\/wp-json\/wp\/v2\/posts"}],"about":[{"href":"https:\/\/www.nsa.smsm.lt\/old\/wp-json\/wp\/v2\/types\/post"}],"author":[{"embeddable":true,"href":"https:\/\/www.nsa.smsm.lt\/old\/wp-json\/wp\/v2\/users\/5"}],"replies":[{"embeddable":true,"href":"https:\/\/www.nsa.smsm.lt\/old\/wp-json\/wp\/v2\/comments?post=22784"}],"version-history":[{"count":0,"href":"https:\/\/www.nsa.smsm.lt\/old\/wp-json\/wp\/v2\/posts\/22784\/revisions"}],"wp:attachment":[{"href":"https:\/\/www.nsa.smsm.lt\/old\/wp-json\/wp\/v2\/media?parent=22784"}],"wp:term":[{"taxonomy":"category","embeddable":true,"href":"https:\/\/www.nsa.smsm.lt\/old\/wp-json\/wp\/v2\/categories?post=22784"},{"taxonomy":"post_tag","embeddable":true,"href":"https:\/\/www.nsa.smsm.lt\/old\/wp-json\/wp\/v2\/tags?post=22784"}],"curies":[{"name":"wp","href":"https:\/\/api.w.org\/{rel}","templated":true}]}}