{"id":22591,"date":"2021-04-28T13:41:37","date_gmt":"2021-04-28T11:41:37","guid":{"rendered":"https:\/\/www.nsa.smsm.lt\/old\/?p=22591"},"modified":"2021-04-28T13:59:07","modified_gmt":"2021-04-28T11:59:07","slug":"uta-kas-vyksta-diskusija-apie-lietuviu-kalbos-ir-literaturos-bendraja-programa","status":"publish","type":"post","link":"https:\/\/www.nsa.smsm.lt\/old\/2021\/04\/28\/uta-kas-vyksta-diskusija-apie-lietuviu-kalbos-ir-literaturos-bendraja-programa\/","title":{"rendered":"\u201eUTA: kas vyksta?\u201c. Diskusija apie Lietuvi\u0173 kalbos ir literat\u016bros bendr\u0105j\u0105 program\u0105"},"content":{"rendered":"<p><strong>2021 m. baland\u017eio 30 d. 15 val. Nacionalin\u0117 \u0161vietimo agent\u016bra (N\u0160A) kvie\u010dia vis\u0105 \u0161vietimo bendruomen\u0119, socialinius partnerius ir visus norin\u010dius dalyvauti kiekvien\u0105 m\u0117nesio paskutin\u012f penktadien\u012f organizuojamoje vaizdo konferencijoje <em>UGDYMO TURINIO ATNAUJINIMAS: KAS VYKSTA<\/em><\/strong><strong>?<\/strong>\u00a0<strong>\u0160\u012f m\u0117nes\u012f \u2013 ekspertin\u0117\u00a0diskusija\u00a0skirta\u00a0Lietuvi\u0173 kalbos ir literat\u016bros bendrosios programos (BP) projekto aptarimui.\u00a0<\/strong><\/p>\n<p>Lietuvi\u0173 kalbos ir literat\u016bros bendrosios programos atnaujintojai, nepriklausomi ekspertai bei organizacij\u0173 nariai aptars pa\u010dius aktualiausius programos projekto aspektus:\u00a0programos koncepcij\u0105, k\u016brini\u0173 pasirinkimo prie\u017eastis, mokytojo laisv\u0119 rinktis,\u00a0istorijos\u00a0integracijos galimybes bei ra\u0161tingumo stiprinim\u0105.<\/p>\n<p><strong>Pristatome ekspertin\u0117s diskusijos dalyvius:<\/strong><\/p>\n<ul>\n<li>Zita\u00a0Nauck\u016bnait\u0117, N\u0160A Ugdymo turinio rengimo skyriaus metodinink\u0117;<\/li>\n<li>dr.\u00a0D\u017eiuljeta\u00a0Maskuli\u016bnien\u0117, Lietuvos literat\u016bros tyrin\u0117toja, pedagog\u0117;<\/li>\n<li>Albinas Lazauskas, pedagogas, vadov\u0117li\u0173 autorius;<\/li>\n<li>Marius Mikalaj\u016bnas, lietuvi\u0173 kalbos ir literat\u016bros mokytojas;<\/li>\n<li>Au\u0161ra\u00a0Marti\u0161i\u016bt\u0117\u2013Linartien\u0117, Lituanist\u0173 samb\u016brio valdybos pirminink\u0117;<\/li>\n<li>Lilija\u00a0Bru\u010dkien\u0117, Lietuvi\u0173 kalbos ir literat\u016bros mokytoj\u0173 s\u0105jungos valdybos nar\u0117.<\/li>\n<\/ul>\n<p>Diskusij\u0105\u00a0moderuos\u00a0dr. Jolanta Navickait\u0117, \u0160MSM Bendrojo ugdymo departamento direktor\u0117.<\/p>\n<p><strong>Rengin\u012f steb\u0117kite N\u0160A \u201eFacebook\u201c paskyroje\u00a0<a href=\"https:\/\/www.facebook.com\/nsa.smm\">&gt;&gt;&gt;&gt;<\/a>\u00a0<\/strong><\/p>\n<p>Su\u00a0Lietuvi\u0173 kalbos ir literat\u016bros bendrosios\u00a0programos\u00a0projektu\u00a0galite susipa\u017einti\u00a0<strong><a href=\"https:\/\/www.mokykla2030.lt\/kalbinis-ugdymas-2\/\">\u010dia<\/a>.<\/strong><\/p>\n<p>&nbsp;<\/p>\n<p>Teikite\u00a0savo pasi\u016blymus bei pasteb\u0117jimus dabartin\u0117ms bendr\u0173j\u0173\u00a0program\u0173 projekt\u0173 versijoms. Pasi\u016blymus galite teikti iki \u0161. m. gegu\u017e\u0117s 15 d. el. pa\u0161to adresu\u00a0<a href=\"mailto:mokykla2030@nsa.smm.lt\">mokykla2030@nsa.smm.lt<\/a>.<\/p>\n","protected":false},"excerpt":{"rendered":"<p>2021 m. baland\u017eio 30 d. 15 val. Nacionalin\u0117 \u0161vietimo agent\u016bra (N\u0160A) kvie\u010dia vis\u0105 \u0161vietimo bendruomen\u0119, socialinius partnerius ir visus norin\u010dius dalyvauti kiekvien\u0105 m\u0117nesio paskutin\u012f penktadien\u012f organizuojamoje vaizdo konferencijoje UGDYMO TURINIO ATNAUJINIMAS: KAS VYKSTA?\u00a0\u0160\u012f m\u0117nes\u012f \u2013 ekspertin\u0117\u00a0diskusija\u00a0skirta\u00a0Lietuvi\u0173 kalbos ir literat\u016bros bendrosios&nbsp;<a href=\"https:\/\/www.nsa.smsm.lt\/old\/2021\/04\/28\/uta-kas-vyksta-diskusija-apie-lietuviu-kalbos-ir-literaturos-bendraja-programa\/\" class=\"placiau\">Pla\u010diau <i class=\"fa fa-caret-right\"><\/i><\/a><\/p>\n","protected":false},"author":5,"featured_media":0,"comment_status":"open","ping_status":"open","sticky":false,"template":"","format":"standard","meta":{"_acf_changed":false,"footnotes":""},"categories":[1],"tags":[],"class_list":["post-22591","post","type-post","status-publish","format-standard","hentry","category-nacionalines-svietimo-agenturos-naujienos"],"acf":[],"_links":{"self":[{"href":"https:\/\/www.nsa.smsm.lt\/old\/wp-json\/wp\/v2\/posts\/22591","targetHints":{"allow":["GET"]}}],"collection":[{"href":"https:\/\/www.nsa.smsm.lt\/old\/wp-json\/wp\/v2\/posts"}],"about":[{"href":"https:\/\/www.nsa.smsm.lt\/old\/wp-json\/wp\/v2\/types\/post"}],"author":[{"embeddable":true,"href":"https:\/\/www.nsa.smsm.lt\/old\/wp-json\/wp\/v2\/users\/5"}],"replies":[{"embeddable":true,"href":"https:\/\/www.nsa.smsm.lt\/old\/wp-json\/wp\/v2\/comments?post=22591"}],"version-history":[{"count":0,"href":"https:\/\/www.nsa.smsm.lt\/old\/wp-json\/wp\/v2\/posts\/22591\/revisions"}],"wp:attachment":[{"href":"https:\/\/www.nsa.smsm.lt\/old\/wp-json\/wp\/v2\/media?parent=22591"}],"wp:term":[{"taxonomy":"category","embeddable":true,"href":"https:\/\/www.nsa.smsm.lt\/old\/wp-json\/wp\/v2\/categories?post=22591"},{"taxonomy":"post_tag","embeddable":true,"href":"https:\/\/www.nsa.smsm.lt\/old\/wp-json\/wp\/v2\/tags?post=22591"}],"curies":[{"name":"wp","href":"https:\/\/api.w.org\/{rel}","templated":true}]}}