{"id":22531,"date":"2021-04-21T15:53:34","date_gmt":"2021-04-21T13:53:34","guid":{"rendered":"https:\/\/www.nsa.smsm.lt\/old\/?p=22531"},"modified":"2021-04-22T07:56:16","modified_gmt":"2021-04-22T05:56:16","slug":"mokymai-tevams-apie-ass-turinciu-vaiku-socializacija","status":"publish","type":"post","link":"https:\/\/www.nsa.smsm.lt\/old\/2021\/04\/21\/mokymai-tevams-apie-ass-turinciu-vaiku-socializacija\/","title":{"rendered":"Mokymai t\u0117vams apie ASS turin\u010di\u0173 vaik\u0173 socializacij\u0105"},"content":{"rendered":"<p>Nacionalin\u0117 \u0161vietimo agent\u016bra kvie\u010dia t\u0117vus, auginan\u010dius mokyklinio (pradinio) am\u017eiaus \u012fvairiapusi\u0173 raidos sutrikim\u0173 turin\u010dius vaikus, \u012f nemokamus mokymus\u00a0<span style=\"font-style: inherit; font-weight: inherit;\">\u201eAutizmo spektro sutrikim\u0105 (ASS) turin\u010di\u0173 vaik\u0173 socializacija: misija (ne)\u012fmanoma?\u201c<em>.\u00a0<\/em>\u00a0<\/span><\/p>\n<p>Mokymus ves medicinos psicholog\u0117 Ingrida Baranauskien\u0117 ir psicholog\u0117 Gerta Videikait\u0117.\u00a0\u00a0Mokymuose bus aptariamos ASS vaik\u0173 socialini\u0173 \u012fg\u016bd\u017ei\u0173 ugdymo formos ir metodai, j\u0173 pritaikymo galimyb\u0117s \u0161eimoje. Nagrin\u0117jami svarbiausi su ASS vaik\u0173 socializacija susij\u0119 aspektai: visuomen\u0117s ir \u0161eimos vaidmenys, stereotipai, aktualiausios dilemos ir i\u0161\u0161\u016bkiai. Ai\u0161kinama, k\u0105 \u201eslepia\u201c ASS vaik\u0173 socialiniai geb\u0117jimai, kokie individual\u016bs vaiko raidos aspektai.<\/p>\n<p>Mokymai vyks nuotoliniu b\u016bdu platformoje \u201eZoom\u201c. Mokym\u0173 trukm\u0117 nuo 10 iki 15 val.<\/p>\n<p><em><span style=\"font-style: inherit; font-weight: inherit;\">Prisijungimo nuoroda bus atsi\u0173sta likus pusvaland\u017eiui iki rengini\u0173 transliacijos prad\u017eios.\u00a0<\/span><\/em><\/p>\n<p>Dalyvi\u0173 skai\u010dius ribotas. Dalyvauti gali tik registruoti dalyviai.<\/p>\n<p><span style=\"font-style: inherit; font-weight: inherit;\">\u00a0<\/span><\/p>\n<p>Mokymai vyks:<\/p>\n<p>I grup\u0117 \u2013 2021\u00a0m. gegu\u017e\u0117s 21 d.<\/p>\n<p>Registracija:\u00a0<a href=\"http:\/\/inx.lv\/EWjF\" data-auth=\"NotApplicable\" data-linkindex=\"0\"><span style=\"font-style: inherit; font-weight: inherit;\">http:\/\/inx.lv\/EWjF<\/span><\/a><\/p>\n<p>II grup\u0117 \u2013 2021 m. gegu\u017e\u0117s 28 d.<\/p>\n<p>Registracija:\u00a0<a href=\"http:\/\/inx.lv\/EWjt\" data-auth=\"NotApplicable\" data-linkindex=\"1\"><span style=\"font-style: inherit; font-weight: inherit;\">http:\/\/inx.lv\/EWjt<\/span><\/a><\/p>\n<p>III grup\u0117\u00a0\u2013 2021 m. bir\u017eelio 4 d.<\/p>\n<p>Registracija:\u00a0<a href=\"http:\/\/inx.lv\/EWDd\" data-auth=\"NotApplicable\" data-linkindex=\"2\"><span style=\"font-style: inherit; font-weight: inherit;\">http:\/\/inx.lv\/EWDd<\/span><\/a><\/p>\n<p>&nbsp;<\/p>\n<p><a href=\"https:\/\/www.nsa.smsm.lt\/old\/old\/wp-content\/uploads\/2021\/04\/Mokymu-programa-.pdf\">Mokym\u0173 programa\u00a0<\/a><\/p>\n<p>Mokymai vykdomi \u012fgyvendinant Europos socialinio fondo l\u0117\u0161omis finansuojamo projekto \u201e\u012etraukiojo ugdymo galimybi\u0173 pl\u0117tra, I etapas\u201c (Nr. 09.2.2-ESFA-V-707-03-0001) veiklas.<\/p>\n<p><span style=\"font-style: inherit; font-weight: inherit;\">\u00a0<\/span><\/p>\n<p>Kristina Pranien\u0117<\/p>\n<p>Projekto \u201e\u012etraukiojo ugdymo galimybi\u0173 pl\u0117tra, I etapas\u201c\u00a0veiklos metodinink\u0117<\/p>\n<p>El. pa\u0161tas <a href=\"mailto:Kristina.Praniene@nsa.smm.lt\">Kristina.Praniene@nsa.smm.lt\u00a0<\/a><\/p>\n","protected":false},"excerpt":{"rendered":"<p>Nacionalin\u0117 \u0161vietimo agent\u016bra kvie\u010dia t\u0117vus, auginan\u010dius mokyklinio (pradinio) am\u017eiaus \u012fvairiapusi\u0173 raidos sutrikim\u0173 turin\u010dius vaikus, \u012f nemokamus mokymus\u00a0\u201eAutizmo spektro sutrikim\u0105 (ASS) turin\u010di\u0173 vaik\u0173 socializacija: misija (ne)\u012fmanoma?\u201c.\u00a0\u00a0 Mokymus ves medicinos psicholog\u0117 Ingrida Baranauskien\u0117 ir psicholog\u0117 Gerta Videikait\u0117.\u00a0\u00a0Mokymuose bus aptariamos ASS vaik\u0173 socialini\u0173&nbsp;<a href=\"https:\/\/www.nsa.smsm.lt\/old\/2021\/04\/21\/mokymai-tevams-apie-ass-turinciu-vaiku-socializacija\/\" class=\"placiau\">Pla\u010diau <i class=\"fa fa-caret-right\"><\/i><\/a><\/p>\n","protected":false},"author":5,"featured_media":0,"comment_status":"open","ping_status":"open","sticky":false,"template":"","format":"standard","meta":{"_acf_changed":false,"footnotes":""},"categories":[1],"tags":[],"class_list":["post-22531","post","type-post","status-publish","format-standard","hentry","category-nacionalines-svietimo-agenturos-naujienos"],"acf":[],"_links":{"self":[{"href":"https:\/\/www.nsa.smsm.lt\/old\/wp-json\/wp\/v2\/posts\/22531","targetHints":{"allow":["GET"]}}],"collection":[{"href":"https:\/\/www.nsa.smsm.lt\/old\/wp-json\/wp\/v2\/posts"}],"about":[{"href":"https:\/\/www.nsa.smsm.lt\/old\/wp-json\/wp\/v2\/types\/post"}],"author":[{"embeddable":true,"href":"https:\/\/www.nsa.smsm.lt\/old\/wp-json\/wp\/v2\/users\/5"}],"replies":[{"embeddable":true,"href":"https:\/\/www.nsa.smsm.lt\/old\/wp-json\/wp\/v2\/comments?post=22531"}],"version-history":[{"count":0,"href":"https:\/\/www.nsa.smsm.lt\/old\/wp-json\/wp\/v2\/posts\/22531\/revisions"}],"wp:attachment":[{"href":"https:\/\/www.nsa.smsm.lt\/old\/wp-json\/wp\/v2\/media?parent=22531"}],"wp:term":[{"taxonomy":"category","embeddable":true,"href":"https:\/\/www.nsa.smsm.lt\/old\/wp-json\/wp\/v2\/categories?post=22531"},{"taxonomy":"post_tag","embeddable":true,"href":"https:\/\/www.nsa.smsm.lt\/old\/wp-json\/wp\/v2\/tags?post=22531"}],"curies":[{"name":"wp","href":"https:\/\/api.w.org\/{rel}","templated":true}]}}