{"id":22448,"date":"2021-04-15T12:13:26","date_gmt":"2021-04-15T10:13:26","guid":{"rendered":"https:\/\/www.nsa.smsm.lt\/old\/?p=22448"},"modified":"2021-04-15T12:13:26","modified_gmt":"2021-04-15T10:13:26","slug":"seminare-pandemijos-pamokos-kalbu-mokymui-ir-mokymuisi","status":"publish","type":"post","link":"https:\/\/www.nsa.smsm.lt\/old\/2021\/04\/15\/seminare-pandemijos-pamokos-kalbu-mokymui-ir-mokymuisi\/","title":{"rendered":"Seminare \u2013 pandemijos pamokos kalb\u0173 mokymui ir mokymuisi"},"content":{"rendered":"<p>Baland\u017eio 27 d., 16 val., Europos Tarybos Europos moderni\u0173 kalb\u0173 centras kvie\u010dia dalyvauti vebinare\u00a0\u00a0\u201eKalb\u0173 mokymo ateitis \u2013 pandemijos pamokos\u201c.<\/p>\n<p>Europos moderni\u0173 kalb\u0173 centras atliko apklaus\u0105, kuria siekta i\u0161siai\u0161kinti, kaip \u0161vietimo \u012fstaigos, mokytojai ir mokiniai reagavo \u012f kalb\u0173 mokymo(si) i\u0161\u0161\u016bkius d\u0117l karantino ribojim\u0173, kaip pandemija paveik\u0117 kalb\u0173 mokym\u0105 ir mokym\u0105si. Taip pat buvo tiriama, kaip keit\u0117si kalb\u0173 mokymo ir vertinimo metodikos.<\/p>\n<p>Apklausos reng\u0117jai\u00a0\u00a0i\u0161 40 \u0161ali\u0173 specialist\u0173, dirban\u010di\u0173 skirtinguose \u0161vietimo lygmenyse, sulauk\u0117 daugiau nei 1700 atsakym\u0173. \u0160ie atsakymai atskleid\u0117 \u012fvairius b\u016bdus, kaip mokytojai ir besimokantieji susidorojo su situacija. Jie taip pat pateik\u0117 \u012f\u017evalg\u0173 apie kai kuriuos pandemijos sukeltus teigiamus kalb\u0173 mokymo poky\u010dius.<\/p>\n<p>\u0160iame vebinare pagrindinis d\u0117mesys bus skiriamas apklausos i\u0161vadoms aptarti, \u012fskaitant pagrindini\u0173 tem\u0173, i\u0161\u0161\u016bki\u0173 ir i\u0161mokt\u0173 dalyk\u0173 ap\u017evalg\u0105.<\/p>\n<p>Vebinaras vyks angl\u0173 kalba.<\/p>\n<p>Registracija \u010dia:\u00a0<a href=\"https:\/\/www.ecml.at\/Resources\/Webinars\/tabid\/5456\/Default.aspx\" data-auth=\"NotApplicable\" data-linkindex=\"0\">https:\/\/www.ecml.at\/Resources\/Webinars\/tabid\/5456\/Default.aspx<\/a><\/p>\n","protected":false},"excerpt":{"rendered":"<p>Baland\u017eio 27 d., 16 val., Europos Tarybos Europos moderni\u0173 kalb\u0173 centras kvie\u010dia dalyvauti vebinare\u00a0\u00a0\u201eKalb\u0173 mokymo ateitis \u2013 pandemijos pamokos\u201c. Europos moderni\u0173 kalb\u0173 centras atliko apklaus\u0105, kuria siekta i\u0161siai\u0161kinti, kaip \u0161vietimo \u012fstaigos, mokytojai ir mokiniai reagavo \u012f kalb\u0173 mokymo(si) i\u0161\u0161\u016bkius d\u0117l&nbsp;<a href=\"https:\/\/www.nsa.smsm.lt\/old\/2021\/04\/15\/seminare-pandemijos-pamokos-kalbu-mokymui-ir-mokymuisi\/\" class=\"placiau\">Pla\u010diau <i class=\"fa fa-caret-right\"><\/i><\/a><\/p>\n","protected":false},"author":5,"featured_media":0,"comment_status":"open","ping_status":"open","sticky":false,"template":"","format":"standard","meta":{"_acf_changed":false,"footnotes":""},"categories":[1],"tags":[],"class_list":["post-22448","post","type-post","status-publish","format-standard","hentry","category-nacionalines-svietimo-agenturos-naujienos"],"acf":[],"_links":{"self":[{"href":"https:\/\/www.nsa.smsm.lt\/old\/wp-json\/wp\/v2\/posts\/22448","targetHints":{"allow":["GET"]}}],"collection":[{"href":"https:\/\/www.nsa.smsm.lt\/old\/wp-json\/wp\/v2\/posts"}],"about":[{"href":"https:\/\/www.nsa.smsm.lt\/old\/wp-json\/wp\/v2\/types\/post"}],"author":[{"embeddable":true,"href":"https:\/\/www.nsa.smsm.lt\/old\/wp-json\/wp\/v2\/users\/5"}],"replies":[{"embeddable":true,"href":"https:\/\/www.nsa.smsm.lt\/old\/wp-json\/wp\/v2\/comments?post=22448"}],"version-history":[{"count":0,"href":"https:\/\/www.nsa.smsm.lt\/old\/wp-json\/wp\/v2\/posts\/22448\/revisions"}],"wp:attachment":[{"href":"https:\/\/www.nsa.smsm.lt\/old\/wp-json\/wp\/v2\/media?parent=22448"}],"wp:term":[{"taxonomy":"category","embeddable":true,"href":"https:\/\/www.nsa.smsm.lt\/old\/wp-json\/wp\/v2\/categories?post=22448"},{"taxonomy":"post_tag","embeddable":true,"href":"https:\/\/www.nsa.smsm.lt\/old\/wp-json\/wp\/v2\/tags?post=22448"}],"curies":[{"name":"wp","href":"https:\/\/api.w.org\/{rel}","templated":true}]}}