{"id":21265,"date":"2021-04-09T12:51:15","date_gmt":"2021-04-09T10:51:15","guid":{"rendered":"https:\/\/www.nsa.smsm.lt\/old\/?p=21265"},"modified":"2021-04-09T13:53:11","modified_gmt":"2021-04-09T11:53:11","slug":"nuotoline-praktine-konferencija-siandieninis-mokinys-atsakingas-verslininkas-rytoj-mokymo-metodika","status":"publish","type":"post","link":"https:\/\/www.nsa.smsm.lt\/old\/2021\/04\/09\/nuotoline-praktine-konferencija-siandieninis-mokinys-atsakingas-verslininkas-rytoj-mokymo-metodika\/","title":{"rendered":"Nuotolin\u0117 praktin\u0117 konferencija \u201e\u0160iandieninis mokinys \u2013 atsakingas verslininkas rytoj. Mokymo metodika\u201c"},"content":{"rendered":"<p><img loading=\"lazy\" decoding=\"async\" class=\"alignnone wp-image-21266\" src=\"https:\/\/www.nsa.smsm.lt\/old\/old\/wp-content\/uploads\/2021\/04\/Foto-300x74.png\" alt=\"\" width=\"527\" height=\"130\" srcset=\"https:\/\/www.nsa.smsm.lt\/old\/wp-content\/uploads\/2021\/04\/Foto-300x74.png 300w, https:\/\/www.nsa.smsm.lt\/old\/wp-content\/uploads\/2021\/04\/Foto.png 612w\" sizes=\"auto, (max-width: 527px) 100vw, 527px\" \/><\/p>\n<p>Commission of the European Communities (2002) Europos S\u0105jungoje teigiama, kad verslumas yra vienas prioritetini\u0173 valstyb\u0117s nar\u0117s s\u0117kmingo vystymosi veiksni\u0173. Europos S\u0105jungos \u0161alyse didelis d\u0117mesys skiriamas verslumo ugdymo integravimui \u012f \u0161vietimo sistemos procesus, verslumo ugdymas \u012ftraukiamas \u012f Bendr\u0105sias programas. Lietuvos Respublikos \u0161vietimo, mokslo ir sporto ministerijos dokumentuose Verslumo ugdymas taip pat \u012ftrauktas \u012f Bendr\u0105sias programas bei i\u0161silavinimo standartus. \u201eEkonominio ra\u0161tingumo ir verslumo strategijoje\u201c (2004) verslumas apibr\u0117\u017eiamas kaip \u201easmens m\u0105stymo b\u016bdas ir asmenin\u0117s socialin\u0117s, vadybin\u0117s bei asmenin\u0117s kompetencijos, leid\u017eian\u010dios turimas \u017einias pritaikyti savo kasdieniam gyvenimui, t. y. konkret\u016bs geb\u0117jimai, teikiantys galimyb\u0119 ne tik organizuoti savo versl\u0105, bet ir prisiimti rizik\u0105 u\u017e padarytus sprendimus\u201c. Bendrosiose programose atskleid\u017eiamos verslumo s\u0105sajos su dauguma mokom\u0173j\u0173 dalyk\u0173, taip patvirtinama verslumo ugdymo \u012fgyvendinimo svarba mokykloje.<\/p>\n<p>Radvili\u0161kio Lizdeikos gimnazija organizuoja ir kvie\u010dia Lietuvos pedagogus <strong>2021 m.<\/strong> <strong>baland\u017eio 14 d. 12 val. <\/strong>dalyvauti nuotolin\u0117je praktin\u0117je konferencijoje \u201e\u0160iandieninis mokinys \u2013 atsakingas verslininkas rytoj. Mokymo metodika\u201c. Konferencijos tikslas \u2013 aptarti socialinio verslumo samprat\u0105 ir verslumo ugdymo svarb\u0105 mokykloje bei pristatyti veiksmingas verslumo integravimo praktikas, \u012fgytas per penkerius metus \u012fgyvendinant Erasmus+ strategin\u0117s (mokykl\u0173 ir nevyriausybini\u0173 organizacij\u0173) partneryst\u0117s projekt\u0105, pamok\u0173 organizavimo metodik\u0105 ir rekomendacijas apie socialinio verslumo integravimo \u012f mokamuosius dalykus galimybes.<\/p>\n<p><strong>B\u016btina dalyvi\u0173 registracija<\/strong>. Registracija vyksta adresu <a href=\"https:\/\/forms.gle\/UyXpasYfewffD6GS9\">https:\/\/forms.gle\/UyXpasYfewffD6GS9<\/a><\/p>\n<p>Visiems u\u017esiregistravusiems dien\u0105 prie\u0161 rengin\u012f el. adresu, kur\u012f nurod\u0117te registracijos anketoje, bus atsi\u0173sta prisijungimo nuoroda. <strong>Renginys nemokamas<\/strong>.<\/p>\n<p>Jeigu kilt\u0173 klausim\u0173, maloniai pra\u0161ome kreiptis \u012f Radvili\u0161kio Lizdeikos gimnazijos direktoriaus pavaduotoj\u0105 Skirmant\u0119 Petraitien\u0119 telefonu +370\u00a0687\u00a092905 arba el. pa\u0161tu <a href=\"mailto:skirma_p@yahoo.com\">skirma_p@yahoo.com<\/a><\/p>\n<p><strong><a href=\"https:\/\/www.nsa.smsm.lt\/old\/old\/wp-content\/uploads\/2021\/04\/Konferencijos-programa.pdf\">Konferencijos programa<\/a><\/strong><\/p>\n","protected":false},"excerpt":{"rendered":"<p>Commission of the European Communities (2002) Europos S\u0105jungoje teigiama, kad verslumas yra vienas prioritetini\u0173 valstyb\u0117s nar\u0117s s\u0117kmingo vystymosi veiksni\u0173. Europos S\u0105jungos \u0161alyse didelis d\u0117mesys skiriamas verslumo ugdymo integravimui \u012f \u0161vietimo sistemos procesus, verslumo ugdymas \u012ftraukiamas \u012f Bendr\u0105sias programas. Lietuvos Respublikos&nbsp;<a href=\"https:\/\/www.nsa.smsm.lt\/old\/2021\/04\/09\/nuotoline-praktine-konferencija-siandieninis-mokinys-atsakingas-verslininkas-rytoj-mokymo-metodika\/\" class=\"placiau\">Pla\u010diau <i class=\"fa fa-caret-right\"><\/i><\/a><\/p>\n","protected":false},"author":5,"featured_media":0,"comment_status":"open","ping_status":"open","sticky":false,"template":"","format":"standard","meta":{"_acf_changed":false,"footnotes":""},"categories":[1],"tags":[],"class_list":["post-21265","post","type-post","status-publish","format-standard","hentry","category-nacionalines-svietimo-agenturos-naujienos"],"acf":[],"_links":{"self":[{"href":"https:\/\/www.nsa.smsm.lt\/old\/wp-json\/wp\/v2\/posts\/21265","targetHints":{"allow":["GET"]}}],"collection":[{"href":"https:\/\/www.nsa.smsm.lt\/old\/wp-json\/wp\/v2\/posts"}],"about":[{"href":"https:\/\/www.nsa.smsm.lt\/old\/wp-json\/wp\/v2\/types\/post"}],"author":[{"embeddable":true,"href":"https:\/\/www.nsa.smsm.lt\/old\/wp-json\/wp\/v2\/users\/5"}],"replies":[{"embeddable":true,"href":"https:\/\/www.nsa.smsm.lt\/old\/wp-json\/wp\/v2\/comments?post=21265"}],"version-history":[{"count":0,"href":"https:\/\/www.nsa.smsm.lt\/old\/wp-json\/wp\/v2\/posts\/21265\/revisions"}],"wp:attachment":[{"href":"https:\/\/www.nsa.smsm.lt\/old\/wp-json\/wp\/v2\/media?parent=21265"}],"wp:term":[{"taxonomy":"category","embeddable":true,"href":"https:\/\/www.nsa.smsm.lt\/old\/wp-json\/wp\/v2\/categories?post=21265"},{"taxonomy":"post_tag","embeddable":true,"href":"https:\/\/www.nsa.smsm.lt\/old\/wp-json\/wp\/v2\/tags?post=21265"}],"curies":[{"name":"wp","href":"https:\/\/api.w.org\/{rel}","templated":true}]}}