{"id":21069,"date":"2021-03-26T12:43:39","date_gmt":"2021-03-26T10:43:39","guid":{"rendered":"https:\/\/www.nsa.smsm.lt\/old\/?p=21069"},"modified":"2021-03-26T12:43:39","modified_gmt":"2021-03-26T10:43:39","slug":"nuotolinis-renginys-pedagoginiu-psichologiniu-tarnybu-ir-svietimo-pagalbos-tarnybu-vadovams","status":"publish","type":"post","link":"https:\/\/www.nsa.smsm.lt\/old\/2021\/03\/26\/nuotolinis-renginys-pedagoginiu-psichologiniu-tarnybu-ir-svietimo-pagalbos-tarnybu-vadovams\/","title":{"rendered":"Nuotolinis renginys Pedagogini\u0173 psichologini\u0173 tarnyb\u0173 ir \u0160vietimo pagalbos tarnyb\u0173 vadovams"},"content":{"rendered":"<p>2021 m. kovo 25 d. Nacionalin\u0117s \u0161vietimo agent\u016bros \u012etraukties pl\u0117tros skyrius, stiprindamas bendradarbiavim\u0105 su pedagogin\u0117mis psichologin\u0117mis ir \u0161vietimo pagalbos\u00a0 tarnybomis (toliau \u2013 Tarnybos), sureng\u0117 nuotolin\u012f pasitarim\u0105 su \u0161alies Tarnyb\u0173 vadovais. Susitikimo tikslas \u2013 pristatyti ir aptarti 2020 met\u0173 Tarnyb\u0173 veiklos ataskait\u0173 analiz\u0119, gvildenti aktualius klausimus bei pasikalb\u0117ti apie tolesnes bendradarbiavimo galimybes.<\/p>\n<p>Naujai i\u0161rinkta Tarnybos vadov\u0173 asociacijos prezident\u0117 Ulijana Petraitien\u0117 (Klaip\u0117dos miesto \u00a0Tarnybos direktor\u0117) supa\u017eindino su numatomomis asociacijos veiklomis bei kylan\u010diais i\u0161\u0161\u016bkiais.<\/p>\n<p>&nbsp;<\/p>\n<p>Nacionalin\u0117s \u0161vietimo agent\u016bros \u012etraukties pl\u0117tros skyriaus specialistai<\/p>\n","protected":false},"excerpt":{"rendered":"<p>2021 m. kovo 25 d. Nacionalin\u0117s \u0161vietimo agent\u016bros \u012etraukties pl\u0117tros skyrius, stiprindamas bendradarbiavim\u0105 su pedagogin\u0117mis psichologin\u0117mis ir \u0161vietimo pagalbos\u00a0 tarnybomis (toliau \u2013 Tarnybos), sureng\u0117 nuotolin\u012f pasitarim\u0105 su \u0161alies Tarnyb\u0173 vadovais. Susitikimo tikslas \u2013 pristatyti ir aptarti 2020 met\u0173 Tarnyb\u0173 veiklos&nbsp;<a href=\"https:\/\/www.nsa.smsm.lt\/old\/2021\/03\/26\/nuotolinis-renginys-pedagoginiu-psichologiniu-tarnybu-ir-svietimo-pagalbos-tarnybu-vadovams\/\" class=\"placiau\">Pla\u010diau <i class=\"fa fa-caret-right\"><\/i><\/a><\/p>\n","protected":false},"author":5,"featured_media":0,"comment_status":"open","ping_status":"open","sticky":false,"template":"","format":"standard","meta":{"_acf_changed":false,"footnotes":""},"categories":[1],"tags":[],"class_list":["post-21069","post","type-post","status-publish","format-standard","hentry","category-nacionalines-svietimo-agenturos-naujienos"],"acf":[],"_links":{"self":[{"href":"https:\/\/www.nsa.smsm.lt\/old\/wp-json\/wp\/v2\/posts\/21069","targetHints":{"allow":["GET"]}}],"collection":[{"href":"https:\/\/www.nsa.smsm.lt\/old\/wp-json\/wp\/v2\/posts"}],"about":[{"href":"https:\/\/www.nsa.smsm.lt\/old\/wp-json\/wp\/v2\/types\/post"}],"author":[{"embeddable":true,"href":"https:\/\/www.nsa.smsm.lt\/old\/wp-json\/wp\/v2\/users\/5"}],"replies":[{"embeddable":true,"href":"https:\/\/www.nsa.smsm.lt\/old\/wp-json\/wp\/v2\/comments?post=21069"}],"version-history":[{"count":0,"href":"https:\/\/www.nsa.smsm.lt\/old\/wp-json\/wp\/v2\/posts\/21069\/revisions"}],"wp:attachment":[{"href":"https:\/\/www.nsa.smsm.lt\/old\/wp-json\/wp\/v2\/media?parent=21069"}],"wp:term":[{"taxonomy":"category","embeddable":true,"href":"https:\/\/www.nsa.smsm.lt\/old\/wp-json\/wp\/v2\/categories?post=21069"},{"taxonomy":"post_tag","embeddable":true,"href":"https:\/\/www.nsa.smsm.lt\/old\/wp-json\/wp\/v2\/tags?post=21069"}],"curies":[{"name":"wp","href":"https:\/\/api.w.org\/{rel}","templated":true}]}}