{"id":20905,"date":"2021-03-19T19:34:08","date_gmt":"2021-03-19T17:34:08","guid":{"rendered":"https:\/\/www.nsa.smsm.lt\/old\/?p=20905"},"modified":"2021-03-19T19:49:29","modified_gmt":"2021-03-19T17:49:29","slug":"vaiku-linijos-organizuojamoje-konferencijoje-lietuvos-ir-siaures-saliu-patirtis-stabdant-patycias","status":"publish","type":"post","link":"https:\/\/www.nsa.smsm.lt\/old\/2021\/03\/19\/vaiku-linijos-organizuojamoje-konferencijoje-lietuvos-ir-siaures-saliu-patirtis-stabdant-patycias\/","title":{"rendered":"\u201eVaik\u0173 linijos\u201c organizuojamoje konferencijoje \u2013 Lietuvos ir \u0160iaur\u0117s \u0161ali\u0173 patirtis, stabdant paty\u010dias"},"content":{"rendered":"<p><strong>\u0160. m. kovo 26 d. (penktadien\u012f) 10 val.<\/strong> \u201eVaik\u0173 linija\u201c organizuoja nuotolin\u0119 konferencij\u0105 <strong>\u201ePaty\u010dios tarp mokini\u0173 \u2013 k\u0105 darome? Lietuvos ir \u0160iaur\u0117s \u0161ali\u0173 patirtis\u201c<\/strong>. \u0160i konferencija skirta ugdymo \u012fstaig\u0173 darbuotojams ir visiems, kuriems aktuali paty\u010di\u0173 prevencijos tema.<\/p>\n<p>Konferencijoje prane\u0161imais dalinsis Lietuvos, \u0160vedijos ir Norvegijos su paty\u010di\u0173 prevencija dirban\u010di\u0173 ir prevencines programas \u012fgyvendinan\u010di\u0173 organizacij\u0173 bei mokykl\u0173 atstovai. Daugiau informacijos apie konferencij\u0105 rasite<a href=\"https:\/\/www.konferencija2021.bepatyciu.lt\/\"> \u010dia<\/a>.<\/p>\n<p>Konferencijos dalyviai tur\u0117s galimyb\u0119 i\u0161girsti, kaip Norvegijoje kuriama saugi aplinka vaikams, s\u0117kmingai bendradarbiaujant valstybin\u0117ms institucijoms ir nevyriausybin\u0117ms organizacijoms. Paty\u010di\u0173 prevencijos specialistai i\u0161 \u0160vedijos dalinsis savo sukaupta patirtimi, kaip \u012ftraukiant vis\u0105 bendruomen\u0119, pavyksta u\u017etikrinti efektyv\u0173 paty\u010di\u0173 problemos sprendim\u0105. Konferencijoje bus galima su\u017einoti, kaip sekasi Lietuvoje diegti \u0161ved\u0173 paty\u010di\u0173 prevencijos program\u0105 ir \u012fvertinti pirmuosius rezultatus. Apie paty\u010di\u0173 prevencijos program\u0173 \u012fgyvendinim\u0105 savo mokykloje ir kylan\u010dius i\u0161\u0161\u016bkius su konferencijos dalyviais pasidalins Lietuvos ir \u0160vedijos mokykl\u0173 atstovai.<\/p>\n<p>Lietuvos ir \u0160iaur\u0117s \u0161ali\u0173 atstovai panelin\u0117je diskusijoje pasidalins savo \u012f\u017evalgomis ir patirtimis, vykdant paty\u010di\u0173 prevencij\u0105 pandemijos metu. Bus ie\u0161koma atsakym\u0173, kaip pasteb\u0117ti ir stabdyti paty\u010dias virtualioje erdv\u0117je, kur j\u0173 padaug\u0117ja, mokiniams mokantis nuotoliniu b\u016bdu.<\/p>\n<p>Visi, norintys dalyvauti \u0161ioje konferencijoje,\u00a0kvie\u010diami iki kovo 24 d. registruotis <a href=\"https:\/\/docs.google.com\/forms\/d\/e\/1FAIpQLSdFF3_af4_OJarOlIf3LIdDL8pb5XSpQJ5GiwDkEqjrbeueTA\/viewform\">\u010dia<\/a>. Konferencija yra nemokama.<\/p>\n<p>Konferencija rengiama \u0160iaur\u0117s ministr\u0173 tarybos biuro Lietuvoje ir Europos S\u0105jungos Europos infrastrukt\u016bros tinkl\u0173 priemon\u0117s l\u0117\u0161omis.<\/p>\n","protected":false},"excerpt":{"rendered":"<p>\u0160. m. kovo 26 d. (penktadien\u012f) 10 val. \u201eVaik\u0173 linija\u201c organizuoja nuotolin\u0119 konferencij\u0105 \u201ePaty\u010dios tarp mokini\u0173 \u2013 k\u0105 darome? Lietuvos ir \u0160iaur\u0117s \u0161ali\u0173 patirtis\u201c. \u0160i konferencija skirta ugdymo \u012fstaig\u0173 darbuotojams ir visiems, kuriems aktuali paty\u010di\u0173 prevencijos tema. Konferencijoje prane\u0161imais dalinsis&nbsp;<a href=\"https:\/\/www.nsa.smsm.lt\/old\/2021\/03\/19\/vaiku-linijos-organizuojamoje-konferencijoje-lietuvos-ir-siaures-saliu-patirtis-stabdant-patycias\/\" class=\"placiau\">Pla\u010diau <i class=\"fa fa-caret-right\"><\/i><\/a><\/p>\n","protected":false},"author":5,"featured_media":0,"comment_status":"open","ping_status":"open","sticky":false,"template":"","format":"standard","meta":{"_acf_changed":false,"footnotes":""},"categories":[1],"tags":[],"class_list":["post-20905","post","type-post","status-publish","format-standard","hentry","category-nacionalines-svietimo-agenturos-naujienos"],"acf":[],"_links":{"self":[{"href":"https:\/\/www.nsa.smsm.lt\/old\/wp-json\/wp\/v2\/posts\/20905","targetHints":{"allow":["GET"]}}],"collection":[{"href":"https:\/\/www.nsa.smsm.lt\/old\/wp-json\/wp\/v2\/posts"}],"about":[{"href":"https:\/\/www.nsa.smsm.lt\/old\/wp-json\/wp\/v2\/types\/post"}],"author":[{"embeddable":true,"href":"https:\/\/www.nsa.smsm.lt\/old\/wp-json\/wp\/v2\/users\/5"}],"replies":[{"embeddable":true,"href":"https:\/\/www.nsa.smsm.lt\/old\/wp-json\/wp\/v2\/comments?post=20905"}],"version-history":[{"count":0,"href":"https:\/\/www.nsa.smsm.lt\/old\/wp-json\/wp\/v2\/posts\/20905\/revisions"}],"wp:attachment":[{"href":"https:\/\/www.nsa.smsm.lt\/old\/wp-json\/wp\/v2\/media?parent=20905"}],"wp:term":[{"taxonomy":"category","embeddable":true,"href":"https:\/\/www.nsa.smsm.lt\/old\/wp-json\/wp\/v2\/categories?post=20905"},{"taxonomy":"post_tag","embeddable":true,"href":"https:\/\/www.nsa.smsm.lt\/old\/wp-json\/wp\/v2\/tags?post=20905"}],"curies":[{"name":"wp","href":"https:\/\/api.w.org\/{rel}","templated":true}]}}