{"id":20094,"date":"2021-04-26T02:51:34","date_gmt":"2021-04-26T00:51:34","guid":{"rendered":"https:\/\/www.nsa.smsm.lt\/old\/?p=20094"},"modified":"2021-04-26T11:59:07","modified_gmt":"2021-04-26T09:59:07","slug":"kvieciame-teikti-paraiskas-i-metodiku-isbandyma","status":"publish","type":"post","link":"https:\/\/www.nsa.smsm.lt\/old\/2021\/04\/26\/kvieciame-teikti-paraiskas-i-metodiku-isbandyma\/","title":{"rendered":"Prat\u0119siame atrank\u0105 \u012f metodik\u0173 i\u0161bandym\u0105"},"content":{"rendered":"<p>Nacionalin\u0117 \u0161vietimo agent\u016bra kvie\u010dia teikti parai\u0161kas projekto \u201eNeformaliojo vaik\u0173 \u0161vietimo, ikimokyklinio, prie\u0161mokyklinio ir bendrojo ugdymo vertinimo, \u012fsivertinimo tobulinimas ir pl\u0117tot\u0117\u201c (Nr. 09.2.1-ESFA-V-706-03-0001) sukurtiems produktams \u201eAtnaujinta pretendent\u0173 \u012f \u0161vietimo \u012fstaig\u0173 (i\u0161skyrus auk\u0161t\u0105sias mokyklas) vadovus kompetencij\u0173 vertinimo metodika\u201c ir \u201eValstybini\u0173 ir savivaldybi\u0173 \u0161vietimo \u012fstaig\u0173 (i\u0161skyrus auk\u0161t\u0105sias mokyklas) vadov\u0173, j\u0173 pavaduotoj\u0173 ugdymui, ugdym\u0105 organizuojan\u010di\u0173 skyri\u0173 ved\u0117j\u0173 kompetencij\u0173 ir veiklos vertinimo metodika\u201c <strong>\u00a0<\/strong>i\u0161bandyti.<\/p>\n<p>Nacionalinei \u0161vietimo agent\u016brai, norint \u012fsitikinti kaip sukurtosios metodikos veikia prakti\u0161kai ar atitinka vis\u0173 vertinimuose dalyvaujan\u010di\u0173 grupi\u0173 poreikius, yra labai svarbi dirban\u010di\u0173 praktik\u0173 nuomon\u0117. Tod\u0117l \u012f <strong>\u201eAtnaujintos pretendent\u0173 \u012f \u0161vietimo \u012fstaig\u0173 (i\u0161skyrus auk\u0161t\u0105sias mokyklas) vadovus kompetencij\u0173 vertinimo metodikos\u201c <\/strong>i\u0161bandym\u0105 kvie\u010diamos 3 dalyvi\u0173 grup\u0117s:<\/p>\n<p><strong>I grup\u0117<\/strong> (12 dalyvi\u0173) \u2013 asmenys, kurie tenkina vien\u0105 i\u0161 \u0161i\u0173 reikalavim\u0173:<\/p>\n<ul>\n<li>turi ne ma\u017eesn\u0119 kaip 1 met\u0173 vadovavimo suaugusi\u0173 asmen\u0173 grupei (grup\u0117ms) patirt\u012f;<\/li>\n<li>arba turi ne ma\u017eesn\u0119 kaip 2 met\u0173 \u0161vietimo organizavimo ir (ar) prie\u017ei\u016bros patirt\u012f, \u012fgyt\u0105 vie\u0161ojo administravimo institucijoje arba \u0161vietimo pagalbos \u012fstaigoje;<\/li>\n<li>arba turi nuo 1 iki 5 met\u0173 vadovavimo \u0161vietimo \u012fstaigai patirt\u012f.<\/li>\n<\/ul>\n<p><strong>II <\/strong><strong>grup\u0117 <\/strong>(10 dalyvi\u0173) \u2013 asmenys, kurie turi nuo 5 iki 10 met\u0173 vadovavimo \u0161vietimo \u012fstaigai patirt\u012f.<\/p>\n<p><strong>III grup\u0117 <\/strong>(8 dalyviai) \u2013 asmenys, kurie turi 10 ir daugiau met\u0173 vadovavimo \u0161vietimo \u012fstaigai patirt\u012f.<\/p>\n<p>&nbsp;<\/p>\n<p>\u012e <strong>\u201eValstybini\u0173 ir savivaldybi\u0173 \u0161vietimo \u012fstaig\u0173 (i\u0161skyrus auk\u0161t\u0105sias mokyklas) vadov\u0173, j\u0173 pavaduotoj\u0173 ugdymui, ugdym\u0105 organizuojan\u010di\u0173 skyri\u0173 ved\u0117j\u0173 kompetencij\u0173 ir veiklos vertinimo metodikos<\/strong>\u201c i\u0161bandym\u0105 kvie\u010diami:<\/p>\n<ul>\n<li>\u0161vietimo \u012fstaig\u0173 vadovai (15 direktori\u0173);<\/li>\n<li>j\u0173 pavaduotojai ugdymui (10 pavaduotoj\u0173);<\/li>\n<li>ugdym\u0105 organizuojan\u010di\u0173 skyri\u0173 ved\u0117jai (5 skyri\u0173 ved\u0117jai).<\/li>\n<\/ul>\n<p>Metodikos i\u0161bandyme gali dalyvauti vienos \u0161vietimo \u012fstaigos komanda (vadovas, jo pavaduotojai ugdymui ir ugdym\u0105 organizuojan\u010di\u0173 skyri\u0173 ved\u0117jai). Atrankoje taip pat bus atsi\u017evelgiama \u012f regionin\u012f atstovavim\u0105.<\/p>\n<p><strong>Bendrieji reikalavimai dalyviams:<\/strong><\/p>\n<ul>\n<li>parai\u0161kas gali teikti tik dirbantys asmenys, turintys auk\u0161t\u0105j\u012f i\u0161silavinim\u0105, pedagogo (ar andragogo) kvalifikacij\u0105;<\/li>\n<li>parei\u0161k\u0117jas turi pasirinkti vien\u0105 i\u0161 i\u0161bandom\u0173 metodik\u0173 ir parai\u0161koje nurodyti, kuriai dalyvi\u0173 grupei atitinka, ir suformuluoti dalyvavimo metodikos i\u0161bandyme motyvus;<\/li>\n<li>parei\u0161k\u0117jas dalyvavim\u0105 metodikos i\u0161bandyme turi b\u016bti suderin\u0119s su savo tiesioginiu vadovu ar \u0161vietimo \u012fstaigos savininku (steig\u0117ju);<\/li>\n<li>parei\u0161k\u0117jas \u012fsipareigoja dalyvauti visose pasirinktos metodikos i\u0161bandymo dalyse.<\/li>\n<\/ul>\n<p>Atrank\u0105 \u012f metodik\u0173 i\u0161bandym\u0105 vykdo Nacionalin\u0117 \u0161vietimo agent\u016bra. Atrinkti dalyviai bus informuojami per 10 darbo dien\u0173 nuo sprendimo pri\u0117mimo. Neatrinkti dalyviai nebus informuojami.<\/p>\n<p>Atrinkt\u0173 dalyvi\u0173 kelion\u0117s \u012f metodik\u0173 i\u0161bandym\u0173 vietov\u0119 ir i\u0161 jos, maitinimo ir nakvyn\u0117s i\u0161laidos (jeigu tokios bus) metodik\u0173 i\u0161bandym\u0173 metu apmokamos Europos socialinio fondo ir valstyb\u0117s finansuojamo projekto \u201eNeformaliojo vaik\u0173 \u0161vietimo, ikimokyklinio, prie\u0161mokyklinio ir bendrojo ugdymo vertinimo, \u012fsivertinimo tobulinimas ir pl\u0117tot\u0117\u201c (Nr. 09.2.1-ESFA-V-706-03-0001) pagal fiksuot\u0105 kain\u0105.<\/p>\n<p>Numatomas preliminarus metodik\u0173 i\u0161bandym\u0173 laikas 2021 m. gegu\u017e\u0117s\u2013spalio m\u0117n.<\/p>\n<p>Parai\u0161kas pra\u0161ome pateikti <strong>iki 2021 m. baland\u017eio 30 d. imtinai.<\/strong><\/p>\n<p><a href=\"https:\/\/forms.gle\/4BmwbTHicvVUftHT7\">Parai\u0161ka dalyvauti \u201eAtnaujinta pretendent\u0173 \u012f \u0161vietimo \u012fstaig\u0173 (i\u0161skyrus auk\u0161t\u0105sias mokyklas) vadovus kompetencij\u0173 vertinimo metodika\u201c i\u0161bandyme<\/a><\/p>\n<p><a href=\"https:\/\/forms.gle\/SjsjWLc3yu4k8GSj6\">Parai\u0161ka dalyvauti \u201eValstybini\u0173 ir savivaldybi\u0173 \u0161vietimo \u012fstaig\u0173 (i\u0161skyrus auk\u0161t\u0105sias mokyklas) vadov\u0173, j\u0173 pavaduotoj\u0173 ugdymui, ugdym\u0105 organizuojan\u010di\u0173 skyri\u0173 ved\u0117j\u0173 kompetencij\u0173 ir veiklos vertinimo metodika\u201c i\u0161bandyme<\/a><\/p>\n<p>&nbsp;<\/p>\n<p>Jovita Monkevi\u010dien\u0117<\/p>\n<p>Nacionalin\u0117s \u0161vietimo agent\u016bros<br \/>\nSteb\u0117senos ir vertinimo departamento<br \/>\nProjekto \u201eNeformaliojo vaik\u0173 \u0161vietimo, ikimokyklinio, prie\u0161mokyklinio ir bendrojo ugdymo vertinimo, \u012fsivertinimo tobulinimas ir pl\u0117tot\u0117\u201c (Nr. 09.2.1-ESFA-V-706-03-0001) metodinink\u0117<br \/>\nTel. +370687 57426, el. p. <a href=\"mailto:jovita.monkeviciene@gmail.com\">jovita.monkeviciene@gmail.com<\/a><\/p>\n<p>Dangira Bielinyt\u0117<\/p>\n<p>Nacionalin\u0117s \u0161vietimo agent\u016bros<br \/>\nSteb\u0117senos ir vertinimo departamento<br \/>\nProjekto \u201eNeformaliojo vaik\u0173 \u0161vietimo, ikimokyklinio, prie\u0161mokyklinio ir bendrojo ugdymo vertinimo, \u012fsivertinimo tobulinimas ir pl\u0117tot\u0117\u201c (Nr. 09.2.1-ESFA-V-706-03-0001) metodinink\u0117<br \/>\nTel. +3706 70 22107, el. p.\u00a0<a role=\"link\" href=\"mailto:dangira.bielinyte@nsa.smm.lt\">dangira.bielinyte@nsa.smm.lt<\/a><\/p>\n","protected":false},"excerpt":{"rendered":"<p>Nacionalin\u0117 \u0161vietimo agent\u016bra kvie\u010dia teikti parai\u0161kas projekto \u201eNeformaliojo vaik\u0173 \u0161vietimo, ikimokyklinio, prie\u0161mokyklinio ir bendrojo ugdymo vertinimo, \u012fsivertinimo tobulinimas ir pl\u0117tot\u0117\u201c (Nr. 09.2.1-ESFA-V-706-03-0001) sukurtiems produktams \u201eAtnaujinta pretendent\u0173 \u012f \u0161vietimo \u012fstaig\u0173 (i\u0161skyrus auk\u0161t\u0105sias mokyklas) vadovus kompetencij\u0173 vertinimo metodika\u201c ir \u201eValstybini\u0173 ir savivaldybi\u0173&nbsp;<a href=\"https:\/\/www.nsa.smsm.lt\/old\/2021\/04\/26\/kvieciame-teikti-paraiskas-i-metodiku-isbandyma\/\" class=\"placiau\">Pla\u010diau <i class=\"fa fa-caret-right\"><\/i><\/a><\/p>\n","protected":false},"author":5,"featured_media":0,"comment_status":"open","ping_status":"open","sticky":false,"template":"","format":"standard","meta":{"_acf_changed":false,"footnotes":""},"categories":[1],"tags":[],"class_list":["post-20094","post","type-post","status-publish","format-standard","hentry","category-nacionalines-svietimo-agenturos-naujienos"],"acf":[],"_links":{"self":[{"href":"https:\/\/www.nsa.smsm.lt\/old\/wp-json\/wp\/v2\/posts\/20094","targetHints":{"allow":["GET"]}}],"collection":[{"href":"https:\/\/www.nsa.smsm.lt\/old\/wp-json\/wp\/v2\/posts"}],"about":[{"href":"https:\/\/www.nsa.smsm.lt\/old\/wp-json\/wp\/v2\/types\/post"}],"author":[{"embeddable":true,"href":"https:\/\/www.nsa.smsm.lt\/old\/wp-json\/wp\/v2\/users\/5"}],"replies":[{"embeddable":true,"href":"https:\/\/www.nsa.smsm.lt\/old\/wp-json\/wp\/v2\/comments?post=20094"}],"version-history":[{"count":0,"href":"https:\/\/www.nsa.smsm.lt\/old\/wp-json\/wp\/v2\/posts\/20094\/revisions"}],"wp:attachment":[{"href":"https:\/\/www.nsa.smsm.lt\/old\/wp-json\/wp\/v2\/media?parent=20094"}],"wp:term":[{"taxonomy":"category","embeddable":true,"href":"https:\/\/www.nsa.smsm.lt\/old\/wp-json\/wp\/v2\/categories?post=20094"},{"taxonomy":"post_tag","embeddable":true,"href":"https:\/\/www.nsa.smsm.lt\/old\/wp-json\/wp\/v2\/tags?post=20094"}],"curies":[{"name":"wp","href":"https:\/\/api.w.org\/{rel}","templated":true}]}}