{"id":20028,"date":"2021-03-05T11:55:30","date_gmt":"2021-03-05T09:55:30","guid":{"rendered":"https:\/\/www.nsa.smsm.lt\/old\/?p=20028"},"modified":"2021-03-05T17:18:05","modified_gmt":"2021-03-05T15:18:05","slug":"baigesi-2018-2021-mokslo-metais-studijavusiuju-bei-igijusiu-papildomu-dalykiniu-kompetenciju-ir-pedagogo-kvalifikacija-studijos-projekto-tesk-lesomis","status":"publish","type":"post","link":"https:\/\/www.nsa.smsm.lt\/old\/2021\/03\/05\/baigesi-2018-2021-mokslo-metais-studijavusiuju-bei-igijusiu-papildomu-dalykiniu-kompetenciju-ir-pedagogo-kvalifikacija-studijos-projekto-tesk-lesomis\/","title":{"rendered":"Baig\u0117si 2018\u20132021 mokslo metais studijavusi\u0173 bei \u012fgijusi\u0173 papildom\u0173 dalykini\u0173 kompetencij\u0173 ir pedagogo kvalifikacij\u0105 studijos projekto \u201eT\u0119sk\u201c l\u0117\u0161omis"},"content":{"rendered":"<p>Nacionalin\u0117 \u0161vietimo agent\u016bra, \u012fgyvendindama projekt\u0105 \u201eT\u0119sk\u201c (toliau \u2013 projektas), finansuojam\u0105 Europos socialinio fondo ir Lietuvos Respublikos valstyb\u0117s biud\u017eeto l\u0117\u0161omis, kartu su projekto partneriais Kauno technologijos universitetu, Mykolo Romerio universitetu, Vilniaus kolegija, Vilniaus universitetu, Vilniaus universiteto \u0160iauli\u0173 akademija ir Vytauto Did\u017eiojo universitetu nuo 2018 met\u0173 vykdo pedagogini\u0173 studij\u0173 ir kompetencij\u0173 tobulinimo programas, suteikian\u010dias dalykini\u0173 ar pedagogini\u0173 specializacijos kompetencij\u0173 ir teis\u0119 dirbti atitinkamo dalyko ar pedagogin\u0117s specializacijos mokytoju \/ pedagogu.<\/p>\n<p>\u0160ios studijos sulauk\u0117 didelio mokytoj\u0173, norin\u010di\u0173 \u012fgyti papildom\u0105 dalykin\u0119 kompetencij\u0105 ir teis\u0119 d\u0117styti dalyk\u0105 bei asmen\u0173, norin\u010di\u0173 \u012fgyti pedagogo kvalifikacij\u0105, susidom\u0117jimo. \u012egyti pedagogo kvalifikacij\u0105 buvo si\u016bloma kra\u0161to apsaugos ar vidaus reikal\u0173 sistemos darbuotojams, planuojantiems dirbti \u0161vietimo \u012fstaigoje, programos \u201eRenkuosi mokyti\u201c dalyviams, mokyklose dirbantiems ne pedagoginiams darbuotojams, kurie yra \u012fgij\u0119 gamtos, tiksli\u0173j\u0173 moksl\u0173 sri\u010di\u0173 ar in\u017einerin\u012f i\u0161silavinim\u0105. D\u017eiugu, kad studijuoti sulaukta ir auk\u0161\u010diau i\u0161vardint\u0173 asmen\u0173, kurie s\u0117kmingai baig\u0117 mokslus ir \u012fgijo pedagogo kvalifikacij\u0105.<\/p>\n<p>Projekto \u201eT\u0119sk\u201c l\u0117\u0161omis 2018\u20132021 mokslo metais papildom\u0173 dalykini\u0173 kompetencij\u0173 ir pedagogo kvalifikacij\u0105 \u012fgijo 710 dalyvi\u0173. Daugiausiai projekto dalyvi\u0173 \u012fgijo ikimokyklinio ugdymo ir pradinio ugdymo papildom\u0173 dalykini\u0173 kompetencij\u0173 ir pedagogo kvalifikacij\u0105.<\/p>\n<p>Paskutinieji 69 projekto dalyviai, \u012fstoj\u0119 2020 metais, studijas baigs 2022 met\u0173 \u017eiem\u0105.<\/p>\n<p>Studijavusi\u0173 mintys ir atsiliepimai:<\/p>\n<p>\u201eD\u017eiaugiuosi, kad teko susitikti su ypa\u010d kompetentingais specialistais, kurie ypa\u010d padidino meil\u0119 \u0161iam mokomajam dalykui, dalinosi, r\u016bpinosi, skyr\u0117 net ir papildomai laiko. T\u0119siame bendradarbiavim\u0105 ir dabar. Esu d\u0117kinga T\u0118SK projekto reng\u0117jams ir koordinatoriams u\u017e nemokamas studijas ir patog\u0173 paskait\u0173 laik\u0105. D\u0117koju visiems Vytauto Did\u017eiojo universiteto d\u0117stytojams ir siun\u010diu link\u0117jim\u0173. Dar nor\u0117\u010diau gr\u012f\u017eti patobulinti \u017eini\u0173, nes dabar ypa\u010d \u017einau, ko ne\u017einau.\u201c<\/p>\n<p>\u201eStudijos, man, kaip socialinei pedagogei, pad\u0117jo kryptingai ir tikslingai susid\u0117lioti siekiamybes, veiklos planus. Modulin\u0117 programa pedagogams suteikia galimybi\u0173 mokytis antro mokomojo dalyko ir dirbti pagal antr\u0105 specializacij\u0105 arba pagilinti, tikslingiau pritaikyti savo geb\u0117jimus ugdant vaikus. Asmeni\u0161kai man \u0161ios studijos pad\u0117jo nusiimti suaugusiojo akinius. Lanks\u010diau ir \u0161iuolaiki\u0161kiau pa\u017evelgti \u012f savo (socialin\u0117s pedagog\u0117s) profesijos pritaikomum\u0105 dirbant vaik\u0173 dar\u017eelyje&#8230; Nebijoti sutrai\u0161kyti jau nurident\u0105 sniego gniu\u017eul\u0105 (kad ir kaip dailiai jis atrodyt\u0173) ir kaskart pasid\u017eiaugus savo darbo rezultatais, su vaiki\u0161ku smalsumu ridenti nauj\u0105, tam laikme\u010diui ir kartai patraukl\u0173 ridin\u012f.\u201c<\/p>\n<p>\u201eMatematika man atsiskleid\u0117 \u012fvairiapusi\u0161kai, dar kart\u0105 \u012frod\u017eiau sau, kad matematika yra VISUR. Taip pat nauda ta, jog d\u0117st\u0117 specialistai praktikai, kursiokai, nors ir kit\u0173 dalyk\u0173 specialistai, bet praktikai, dirbantys pedagogin\u012f darb\u0105, su kuriais dalinom\u0117s patirtimi, rekomendacijomis.\u201c<\/p>\n<p>&nbsp;<\/p>\n<p>Rita Ba\u0161kien\u0117<\/p>\n<p>Nacionalin\u0117s \u0161vietimo agent\u016bros<\/p>\n<p>Projekto \u201eT\u0119sk\u201c 4.1.1 veiklos metodinink\u0117<\/p>\n<p>El. p. <a href=\"mailto:rita.baskiene@nsa.smm.lt\">rita.baskiene@nsa.smm.lt<\/a><\/p>\n","protected":false},"excerpt":{"rendered":"<p>Nacionalin\u0117 \u0161vietimo agent\u016bra, \u012fgyvendindama projekt\u0105 \u201eT\u0119sk\u201c (toliau \u2013 projektas), finansuojam\u0105 Europos socialinio fondo ir Lietuvos Respublikos valstyb\u0117s biud\u017eeto l\u0117\u0161omis, kartu su projekto partneriais Kauno technologijos universitetu, Mykolo Romerio universitetu, Vilniaus kolegija, Vilniaus universitetu, Vilniaus universiteto \u0160iauli\u0173 akademija ir Vytauto Did\u017eiojo&nbsp;<a href=\"https:\/\/www.nsa.smsm.lt\/old\/2021\/03\/05\/baigesi-2018-2021-mokslo-metais-studijavusiuju-bei-igijusiu-papildomu-dalykiniu-kompetenciju-ir-pedagogo-kvalifikacija-studijos-projekto-tesk-lesomis\/\" class=\"placiau\">Pla\u010diau <i class=\"fa fa-caret-right\"><\/i><\/a><\/p>\n","protected":false},"author":5,"featured_media":0,"comment_status":"open","ping_status":"open","sticky":false,"template":"","format":"standard","meta":{"_acf_changed":false,"footnotes":""},"categories":[1],"tags":[],"class_list":["post-20028","post","type-post","status-publish","format-standard","hentry","category-nacionalines-svietimo-agenturos-naujienos"],"acf":[],"_links":{"self":[{"href":"https:\/\/www.nsa.smsm.lt\/old\/wp-json\/wp\/v2\/posts\/20028","targetHints":{"allow":["GET"]}}],"collection":[{"href":"https:\/\/www.nsa.smsm.lt\/old\/wp-json\/wp\/v2\/posts"}],"about":[{"href":"https:\/\/www.nsa.smsm.lt\/old\/wp-json\/wp\/v2\/types\/post"}],"author":[{"embeddable":true,"href":"https:\/\/www.nsa.smsm.lt\/old\/wp-json\/wp\/v2\/users\/5"}],"replies":[{"embeddable":true,"href":"https:\/\/www.nsa.smsm.lt\/old\/wp-json\/wp\/v2\/comments?post=20028"}],"version-history":[{"count":0,"href":"https:\/\/www.nsa.smsm.lt\/old\/wp-json\/wp\/v2\/posts\/20028\/revisions"}],"wp:attachment":[{"href":"https:\/\/www.nsa.smsm.lt\/old\/wp-json\/wp\/v2\/media?parent=20028"}],"wp:term":[{"taxonomy":"category","embeddable":true,"href":"https:\/\/www.nsa.smsm.lt\/old\/wp-json\/wp\/v2\/categories?post=20028"},{"taxonomy":"post_tag","embeddable":true,"href":"https:\/\/www.nsa.smsm.lt\/old\/wp-json\/wp\/v2\/tags?post=20028"}],"curies":[{"name":"wp","href":"https:\/\/api.w.org\/{rel}","templated":true}]}}