{"id":19109,"date":"2021-03-01T17:58:40","date_gmt":"2021-03-01T15:58:40","guid":{"rendered":"https:\/\/www.nsa.smsm.lt\/old\/?p=19109"},"modified":"2021-03-04T11:56:18","modified_gmt":"2021-03-04T09:56:18","slug":"tesiamos-vaizdo-konferencijos-bendrojo-ugdymo-mokyklu-direktoriu-pavaduotojams-ugdymui","status":"publish","type":"post","link":"https:\/\/www.nsa.smsm.lt\/old\/2021\/03\/01\/tesiamos-vaizdo-konferencijos-bendrojo-ugdymo-mokyklu-direktoriu-pavaduotojams-ugdymui\/","title":{"rendered":"T\u0119siamos vaizdo konferencijos bendrojo ugdymo mokykl\u0173 direktori\u0173 pavaduotojams ugdymui"},"content":{"rendered":"<p><strong>\u0160. m<\/strong>. <strong>kovo 9 dien\u0105<\/strong> (antradien\u012f) vyks Nacionalin\u0117s \u0161vietimo agent\u016bros organizuojama vaizdo konferencija <strong>\u201ePavaduotoj\u0173 lyderyst\u0117, pradinukams gr\u012f\u017etant \u012f klases\u201c. <\/strong><\/p>\n<p>Konferencijoje bus kalbama apie planuojam\u0105 pradini\u0173 klasi\u0173 mokini\u0173 kontaktinio ugdymo atnaujinim\u0105, prireikus \u2013 kontaktinio ir nuotolinio ugdymo derinim\u0105.<\/p>\n<p>Probleminiai klausimai:<\/p>\n<ul>\n<li>Kaip rengtis pradini\u0173 klasi\u0173 mokini\u0173 gr\u012f\u017eimui?<\/li>\n<li>Kokia vaik\u0173 savijauta ir kaip jiems pad\u0117ti per pamokas? Kokios kitos galimos mokymosi formos?<\/li>\n<li>Kaip nei\u0161sig\u0105sti mokini\u0173 \u017eini\u0173 ir geb\u0117jim\u0173 skirtum\u0173? Kaip i\u0161laikyti d\u0117mes\u012f ugdymo procesui?<\/li>\n<li>Kaip panaudoti mokytoj\u0173, \u0161vietimo pagalbos specialist\u0173, \u0161eimos, savanori\u0173 pagalb\u0105 stiprinant vaiko savivaldaus mokymosi geb\u0117jimus?<\/li>\n<\/ul>\n<p>Konferencijos metu patirtimis ir \u012f\u017evalgomis dalysis Panev\u0117\u017eio r. Vel\u017eio gimnazijos ir Vilniaus kunigaik\u0161\u010dio Gedimino progimnazijos bendruomeni\u0173 atstovai.<\/p>\n<p>Konferencijos prad\u017eia \u2013 <strong>15 val.<\/strong> Ji vyks \u201eZoom\u201c virtualioje aplinkoje, prisijungimo nuoroda bus atsi\u0173sta u\u017esiregistravusiems dalyviams likus dienai iki renginio. Informuojame, kad renginys bus \u012fra\u0161omas.<span style=\"font-style: inherit; font-weight: inherit;\">\u00a0<\/span><\/p>\n<p><a href=\"https:\/\/www.nsa.smsm.lt\/old\/old\/wp-content\/uploads\/2021\/03\/Programa-pataisyta111.pdf\">Programa <\/a><\/p>\n<p>&nbsp;<\/p>\n<p><a href=\"https:\/\/forms.office.com\/Pages\/ResponsePage.aspx?id=umfGY12K0EKXrRF1yOGwEjj5uhd99k9DrPIn9ecnmKZURVczRkRFRUQwNUdaSEFNVkxZN1Q1QUpNMi4u\"><strong>NUORODA REGISTRACIJAI<\/strong><\/a><\/p>\n<p>&nbsp;<\/p>\n<p>Maloniai kvie\u010diame registruotis ir dalyvauti!<\/p>\n<p>&nbsp;<\/p>\n<p>Albina Vilimien\u0117<\/p>\n<p>Nacionalin\u0117s \u0161vietimo agent\u016bros<\/p>\n<p>\u0160vietimo pagalbos departamento<\/p>\n<p>Mokykl\u0173 veiklos pl\u0117tros skyriaus ved\u0117ja<\/p>\n<p>El. p. <a href=\"mailto:Albina.Vilimiene@nsa.smm.lt\">Albina.Vilimiene@nsa.smm.lt<\/a><\/p>\n","protected":false},"excerpt":{"rendered":"<p>\u0160. m. kovo 9 dien\u0105 (antradien\u012f) vyks Nacionalin\u0117s \u0161vietimo agent\u016bros organizuojama vaizdo konferencija \u201ePavaduotoj\u0173 lyderyst\u0117, pradinukams gr\u012f\u017etant \u012f klases\u201c. Konferencijoje bus kalbama apie planuojam\u0105 pradini\u0173 klasi\u0173 mokini\u0173 kontaktinio ugdymo atnaujinim\u0105, prireikus \u2013 kontaktinio ir nuotolinio ugdymo derinim\u0105. Probleminiai klausimai: Kaip&nbsp;<a href=\"https:\/\/www.nsa.smsm.lt\/old\/2021\/03\/01\/tesiamos-vaizdo-konferencijos-bendrojo-ugdymo-mokyklu-direktoriu-pavaduotojams-ugdymui\/\" class=\"placiau\">Pla\u010diau <i class=\"fa fa-caret-right\"><\/i><\/a><\/p>\n","protected":false},"author":5,"featured_media":0,"comment_status":"open","ping_status":"open","sticky":false,"template":"","format":"standard","meta":{"_acf_changed":false,"footnotes":""},"categories":[1],"tags":[],"class_list":["post-19109","post","type-post","status-publish","format-standard","hentry","category-nacionalines-svietimo-agenturos-naujienos"],"acf":[],"_links":{"self":[{"href":"https:\/\/www.nsa.smsm.lt\/old\/wp-json\/wp\/v2\/posts\/19109","targetHints":{"allow":["GET"]}}],"collection":[{"href":"https:\/\/www.nsa.smsm.lt\/old\/wp-json\/wp\/v2\/posts"}],"about":[{"href":"https:\/\/www.nsa.smsm.lt\/old\/wp-json\/wp\/v2\/types\/post"}],"author":[{"embeddable":true,"href":"https:\/\/www.nsa.smsm.lt\/old\/wp-json\/wp\/v2\/users\/5"}],"replies":[{"embeddable":true,"href":"https:\/\/www.nsa.smsm.lt\/old\/wp-json\/wp\/v2\/comments?post=19109"}],"version-history":[{"count":0,"href":"https:\/\/www.nsa.smsm.lt\/old\/wp-json\/wp\/v2\/posts\/19109\/revisions"}],"wp:attachment":[{"href":"https:\/\/www.nsa.smsm.lt\/old\/wp-json\/wp\/v2\/media?parent=19109"}],"wp:term":[{"taxonomy":"category","embeddable":true,"href":"https:\/\/www.nsa.smsm.lt\/old\/wp-json\/wp\/v2\/categories?post=19109"},{"taxonomy":"post_tag","embeddable":true,"href":"https:\/\/www.nsa.smsm.lt\/old\/wp-json\/wp\/v2\/tags?post=19109"}],"curies":[{"name":"wp","href":"https:\/\/api.w.org\/{rel}","templated":true}]}}