{"id":19079,"date":"2021-02-25T17:35:57","date_gmt":"2021-02-25T15:35:57","guid":{"rendered":"https:\/\/www.nsa.smsm.lt\/old\/?p=19079"},"modified":"2021-02-25T17:35:57","modified_gmt":"2021-02-25T15:35:57","slug":"siemet-brandos-egzaminai-prasides-anksciau-nei-pernai","status":"publish","type":"post","link":"https:\/\/www.nsa.smsm.lt\/old\/2021\/02\/25\/siemet-brandos-egzaminai-prasides-anksciau-nei-pernai\/","title":{"rendered":"\u0160iemet brandos egzaminai prasid\u0117s anks\u010diau nei pernai"},"content":{"rendered":"<p style=\"line-height: 16.8pt; background: white; margin: 16.8pt 0cm 16.8pt 0cm;\"><span style=\"color: #404040;\">Valstybiniai brandos egzaminai \u0161iemet prasid\u0117s bir\u017eelio 7 dien\u0105 arba dviem savait\u0117mis anks\u010diau nei pernai. Pagrindin\u0117 egzamin\u0173 sesija baigsis liepos 2 dien\u0105. Abiturientams bus teikiamos papildomos konsultacijos padedant geriau pasirengti egzaminams. Mokytojai gal\u0117s i\u0161eiti atostog\u0173 anks\u010diau nei pra\u0117jusiais metais.<\/span><\/p>\n<p style=\"line-height: 16.8pt; background: white; font-variant-ligatures: normal; font-variant-caps: normal; orphans: 2; text-align: start; widows: 2; -webkit-text-stroke-width: 0px; text-decoration-thickness: initial; text-decoration-style: initial; text-decoration-color: initial; word-spacing: 0px; margin: 16.8pt 0cm 16.8pt 0cm;\"><span style=\"color: #404040;\">Pernai brandos egzamin\u0173 pagrindin\u0117 sesija prasid\u0117jo bir\u017eelio 22 dien\u0105, o baig\u0117si liepos 21 dien\u0105.<\/span><\/p>\n<p style=\"line-height: 16.8pt; background: white; font-variant-ligatures: normal; font-variant-caps: normal; orphans: 2; text-align: start; widows: 2; -webkit-text-stroke-width: 0px; text-decoration-thickness: initial; text-decoration-style: initial; text-decoration-color: initial; word-spacing: 0px; margin: 16.8pt 0cm 16.8pt 0cm;\"><span style=\"color: #404040;\">\u0160iemet, atsi\u017evelgiant \u012f mokytoj\u0173 ir mokini\u0173 pasi\u016blymus, siekta egzaminus surengti anks\u010diau, ta\u010diau pasir\u016bpinant ir papildoma pagalba abiturientams.<\/span><\/p>\n<p style=\"line-height: 16.8pt; background: white; font-variant-ligatures: normal; font-variant-caps: normal; orphans: 2; text-align: start; widows: 2; -webkit-text-stroke-width: 0px; text-decoration-thickness: initial; text-decoration-style: initial; text-decoration-color: initial; word-spacing: 0px; margin: 16.8pt 0cm 16.8pt 0cm;\"><span style=\"color: #404040;\">\u201eSvarbiausi yra abiturient\u0173, kurie brandos egzaminus laiko vien\u0105 kart\u0105 gyvenime, interesai, tod\u0117l bus skirtas laikas papildomoms konsultacijoms tam, kad abiturientai gal\u0117t\u0173\u00a0 geriau pasiruo\u0161ti egzaminams. Nesuteikti galimyb\u0117s papildomai mokytis b\u016bt\u0173 tas pats, kaip pripa\u017einti, kad nuotolinis ugdymas visai netur\u0117jo \u012ftakos mokymosi kokybei ir kad abiturientai tur\u0117jo s\u0105lygas mokytis taip kaip ir baigusieji mokyklas iki pandemijos.<\/span><\/p>\n<p style=\"line-height: 16.8pt; background: white; font-variant-ligatures: normal; font-variant-caps: normal; orphans: 2; text-align: start; widows: 2; -webkit-text-stroke-width: 0px; text-decoration-thickness: initial; text-decoration-style: initial; text-decoration-color: initial; word-spacing: 0px; margin: 16.8pt 0cm 16.8pt 0cm;\"><span style=\"color: #404040;\">Viliuosi, kad d\u0117l m\u016bs\u0173 vis\u0173 atsakingo po\u017ei\u016brio laikantis karantino apribojim\u0173 epidemiologin\u0117 situacija ger\u0117s. Tai netrukus leis abiturientams sugr\u012f\u017eti \u012f mokyklas ir \u012fprastu b\u016bdu ruo\u0161tis egzaminams, turint tam ir\u00a0 papildom\u0173 pamok\u0173\u201c, \u2013 sak\u0117 \u0161vietimo, mokslo ir sporto ministr\u0117 Jurgita \u0160iug\u017edinien\u0117.<\/span><\/p>\n<p style=\"line-height: 16.8pt; background: white; font-variant-ligatures: normal; font-variant-caps: normal; orphans: 2; text-align: start; widows: 2; -webkit-text-stroke-width: 0px; text-decoration-thickness: initial; text-decoration-style: initial; text-decoration-color: initial; word-spacing: 0px; margin: 16.8pt 0cm 16.8pt 0cm;\"><span style=\"color: #404040;\">\u0160vietimo, mokslo ir sporto ministerijos pra\u0161ymu Vyriausyb\u0117 jau skyr\u0117 l\u0117\u0161\u0173 pad\u0117ti likviduoti nuotolinio ugdymo metu atsiradusias spragas. Tikimasi, kad kuo didesnei daliai abiturient\u0173 bus sudarytos galimyb\u0117s papildomoms konsultacijoms.<\/span><\/p>\n<p style=\"line-height: 16.8pt; background: white; font-variant-ligatures: normal; font-variant-caps: normal; orphans: 2; text-align: start; widows: 2; -webkit-text-stroke-width: 0px; text-decoration-thickness: initial; text-decoration-style: initial; text-decoration-color: initial; word-spacing: 0px; margin: 16.8pt 0cm 16.8pt 0cm;\"><span style=\"color: #404040;\">Neseniai atlikta Lietuvos mokykl\u0173 vadov\u0173 asociacijos ekspertin\u0117 analiz\u0117 parod\u0117, kad 72,6 proc. vadov\u0173 palikt\u0173 ankstesniais metais naudot\u0105 egzamin\u0173 tvarkara\u0161t\u012f, 12 proc. si\u016bl\u0117 atid\u0117ti egzaminus viena savaite, 14,5 proc. atid\u0117t\u0173 dviem savait\u0117mis. Lietuvos moksleivi\u0173 s\u0105junga pasisak\u0117, kad brandos egzaminai b\u016btini.<\/span><\/p>\n<p style=\"line-height: 16.8pt; background: white; font-variant-ligatures: normal; font-variant-caps: normal; orphans: 2; text-align: start; widows: 2; -webkit-text-stroke-width: 0px; text-decoration-thickness: initial; text-decoration-style: initial; text-decoration-color: initial; word-spacing: 0px; margin: 16.8pt 0cm 16.8pt 0cm;\"><span style=\"color: #404040;\">Vyriausyb\u0117 planuoja skirti papildomas l\u0117\u0161as mokytojams apmok\u0117ti u\u017e papildom\u0105 darb\u0105. Mokykl\u0173 bus pra\u0161oma u\u017etikrinti bent 20 papildom\u0173 valand\u0173 konsultacijoms. Konsultacijas pagal dalykus paskirstys pa\u010dios mokyklos.<\/span><\/p>\n<p style=\"line-height: 16.8pt; background: white; font-variant-ligatures: normal; font-variant-caps: normal; orphans: 2; text-align: start; widows: 2; -webkit-text-stroke-width: 0px; text-decoration-thickness: initial; text-decoration-style: initial; text-decoration-color: initial; word-spacing: 0px; margin: 16.8pt 0cm 16.8pt 0cm;\"><span style=\"color: #404040;\">Egzamin\u0173 tvarkara\u0161tis sud\u0117liotas taip, kad svarbiausius egzaminus \u2013 lietuvi\u0173 kalbos ir literat\u016bros bei \u00a0matematikos \u2013 skirt\u0173 net 10 kalendorini\u0173 dien\u0173. \u0160is intervalas, atsi\u017evelgiant \u012f mokykl\u0173 vadov\u0173 pageidavimus, skirtas tam, kad mokyklos gal\u0117t\u0173 organizuoti konsultacijas tarp \u0161i\u0173 dviej\u0173 itin svarbi\u0173 egzamin\u0173. Dar viena naujov\u0117\u00a0 \u2013 vis\u0173 egzamin\u0173 laikas prailginamas 15 minu\u010di\u0173.<\/span><\/p>\n<p style=\"line-height: 16.8pt; background: white; font-variant-ligatures: normal; font-variant-caps: normal; orphans: 2; text-align: start; widows: 2; -webkit-text-stroke-width: 0px; text-decoration-thickness: initial; text-decoration-style: initial; text-decoration-color: initial; word-spacing: 0px; margin: 16.8pt 0cm 16.8pt 0cm;\"><span style=\"color: #404040;\">Pagrindinei sesijai prasid\u0117jus bir\u017eelio 7 dien\u0105, ji baigt\u0173si liepos 2 dien\u0105, bir\u017eelio m\u0117nesiui b\u016bt\u0173 nukeltos ir u\u017esienio kalb\u0173 (angl\u0173, pranc\u016bz\u0173, rus\u0173, vokie\u010di\u0173) kalb\u0117jimo dalys.<\/span><\/p>\n<p style=\"line-height: 16.8pt; background: white; font-variant-ligatures: normal; font-variant-caps: normal; orphans: 2; text-align: start; widows: 2; -webkit-text-stroke-width: 0px; text-decoration-thickness: initial; text-decoration-style: initial; text-decoration-color: initial; word-spacing: 0px; margin: 16.8pt 0cm 16.8pt 0cm;\"><span style=\"color: #404040;\">I\u0161 viso brandos egzaminus pasirinko laikyti 27 539 mokiniai.<\/span><\/p>\n<p style=\"line-height: 16.8pt; background: white; font-variant-ligatures: normal; font-variant-caps: normal; orphans: 2; text-align: start; widows: 2; -webkit-text-stroke-width: 0px; text-decoration-thickness: initial; text-decoration-style: initial; text-decoration-color: initial; word-spacing: 0px; margin: 16.8pt 0cm 16.8pt 0cm;\"><span style=\"color: #404040;\"><a href=\"https:\/\/www.smm.lt\/uploads\/documents\/Tvarkara%C5%A1tis_%202021-02-25.pdf\"><span style=\"color: #28965b;\">Tvarkara\u0161tis<\/span><\/a><\/span><\/p>\n","protected":false},"excerpt":{"rendered":"<p>Valstybiniai brandos egzaminai \u0161iemet prasid\u0117s bir\u017eelio 7 dien\u0105 arba dviem savait\u0117mis anks\u010diau nei pernai. Pagrindin\u0117 egzamin\u0173 sesija baigsis liepos 2 dien\u0105. Abiturientams bus teikiamos papildomos konsultacijos padedant geriau pasirengti egzaminams. Mokytojai gal\u0117s i\u0161eiti atostog\u0173 anks\u010diau nei pra\u0117jusiais metais. Pernai brandos&nbsp;<a href=\"https:\/\/www.nsa.smsm.lt\/old\/2021\/02\/25\/siemet-brandos-egzaminai-prasides-anksciau-nei-pernai\/\" class=\"placiau\">Pla\u010diau <i class=\"fa fa-caret-right\"><\/i><\/a><\/p>\n","protected":false},"author":5,"featured_media":0,"comment_status":"open","ping_status":"open","sticky":false,"template":"","format":"standard","meta":{"_acf_changed":false,"footnotes":""},"categories":[1],"tags":[],"class_list":["post-19079","post","type-post","status-publish","format-standard","hentry","category-nacionalines-svietimo-agenturos-naujienos"],"acf":[],"_links":{"self":[{"href":"https:\/\/www.nsa.smsm.lt\/old\/wp-json\/wp\/v2\/posts\/19079","targetHints":{"allow":["GET"]}}],"collection":[{"href":"https:\/\/www.nsa.smsm.lt\/old\/wp-json\/wp\/v2\/posts"}],"about":[{"href":"https:\/\/www.nsa.smsm.lt\/old\/wp-json\/wp\/v2\/types\/post"}],"author":[{"embeddable":true,"href":"https:\/\/www.nsa.smsm.lt\/old\/wp-json\/wp\/v2\/users\/5"}],"replies":[{"embeddable":true,"href":"https:\/\/www.nsa.smsm.lt\/old\/wp-json\/wp\/v2\/comments?post=19079"}],"version-history":[{"count":0,"href":"https:\/\/www.nsa.smsm.lt\/old\/wp-json\/wp\/v2\/posts\/19079\/revisions"}],"wp:attachment":[{"href":"https:\/\/www.nsa.smsm.lt\/old\/wp-json\/wp\/v2\/media?parent=19079"}],"wp:term":[{"taxonomy":"category","embeddable":true,"href":"https:\/\/www.nsa.smsm.lt\/old\/wp-json\/wp\/v2\/categories?post=19079"},{"taxonomy":"post_tag","embeddable":true,"href":"https:\/\/www.nsa.smsm.lt\/old\/wp-json\/wp\/v2\/tags?post=19079"}],"curies":[{"name":"wp","href":"https:\/\/api.w.org\/{rel}","templated":true}]}}