{"id":18744,"date":"2021-02-18T13:36:44","date_gmt":"2021-02-18T11:36:44","guid":{"rendered":"https:\/\/www.nsa.smsm.lt\/old\/?p=18744"},"modified":"2021-02-18T13:36:44","modified_gmt":"2021-02-18T11:36:44","slug":"diskusijoms-apie-lietuvos-naryste-europos-sajungoje-vaizdo-medziaga","status":"publish","type":"post","link":"https:\/\/www.nsa.smsm.lt\/old\/2021\/02\/18\/diskusijoms-apie-lietuvos-naryste-europos-sajungoje-vaizdo-medziaga\/","title":{"rendered":"Diskusijoms apie Lietuvos naryst\u0119 Europos S\u0105jungoje \u2013 vaizdo med\u017eiaga"},"content":{"rendered":"<p>Projekto \u201eAtgal \u012f mokykl\u0105\u201c organizatoriai d\u0117l COVID-19 pandemijos \u0161iais metais vietoje tradicini\u0173 susitikim\u0173 mokyklose ir diskusij\u0173 apie Lietuvos naryst\u0119 Europos S\u0105jungoje pareng\u0117 tris vaizdo \u012fra\u0161us, kuriuose savo patirtimi, \u017einiomis, id\u0117jomis ir aktualijomis dalijasi Lietuvos diplomatai, jaunimo organizacij\u0173 atstovai bei \u017eym\u016bs Lietuvos visuomen\u0117s veik\u0117jai.<\/p>\n<p>Parengta vaizdo med\u017eiaga kvie\u010diami naudotis istorijos, pilieti\u0161kumo ugdymo, geografijos ir kiti mokytojai.<\/p>\n<p>Projekt\u0105 organizuoja Lietuvos Respublikos u\u017esienio reikal\u0173 ministerija.<\/p>\n<p>&nbsp;<\/p>\n<p><strong>Lietuva \u2013 Europos S\u0105jungos \u0161eimos nar\u0117<\/strong><\/p>\n<p>Buv\u0119 Lietuvos atstovai ES \u2013 Jovita Neliup\u0161ien\u0117 bei Romas \u0160vedas \u2013 dalindamiesi asmenin\u0117mis patirtimis, supa\u017eindina su ambasadoriaus darbo diena, atstovavimu Lietuvos interesams ES. Nuo toki\u0173 i\u0161\u0161\u016bki\u0173, kaip ES biud\u017eeto sudarymas bei \u201eBrexit\u201c klausimo sprendimas iki Lietuvos energetin\u0117s nepriklausomyb\u0117s u\u017etikrinimo ir Ryt\u0173 partneryst\u0117s politikos.<\/p>\n<p>Vaizdo \u012fra\u0161\u0105 rasite \u010dia:\u00a0<a href=\"https:\/\/mokytojotv.emokykla.lt\/2021\/02\/lr-uzsienio-reikalu-ministerija-lietuva.html\">https:\/\/mokytojotv.emokykla.lt\/2021\/02\/lr-uzsienio-reikalu-ministerija-lietuva.html<\/a>.<\/p>\n<p>&nbsp;<\/p>\n<p><strong>K\u0105 gali jaunas \u017emogus Europos S\u0105jungoje?<\/strong><\/p>\n<p>Trys jauni lietuviai europie\u010diai \u2013\u00a0atstovaujantys Lietuvos jaunimo organizacij\u0173 tarybai (LiJOT) \u2013 Tarptautini\u0173 reikal\u0173 koordinatorius Paulius Serapinas, Jaunimo tarptautinio bendradarbiavimo agent\u016bros vadov\u0117 Guoda Lomanait\u0117 bei \u201eDiscoverEU\u201c konkurso laim\u0117tojas Edvardas Luko\u0161ius \u2013 pasakoja apie jaunimo galimybes ES ir dalijasi \u012fgyta patirtimi, kaip ne tik dalyvauti ES projektuose, bet ir teikti pasi\u016blymus, skirtus ES politikos k\u016brimui.<\/p>\n<p>Vaizdo \u012fra\u0161\u0105 rasite \u010dia:\u00a0<a href=\"https:\/\/mokytojotv.emokykla.lt\/2021\/02\/lr-uzsienio-reikalu-ministerija-ka-gali.html\">https:\/\/mokytojotv.emokykla.lt\/2021\/02\/lr-uzsienio-reikalu-ministerija-ka-gali.html<\/a>.<\/p>\n<p>&nbsp;<\/p>\n<p><strong>Kaip galime prisid\u0117ti prie Europos ateities k\u016brimo?<\/strong><\/p>\n<p>Ryt\u0173 Europos studij\u0173 centro direktorius Linas Kojala, asociacijos \u201eK\u016brybin\u0117s jungtys\u201c atstov\u0117 Milda Lau\u017eikait\u0117 bei ambasadorius ypatingiems pavedimams Edvilas Raudonikis pasakoja apie dabartinius i\u0161\u0161\u016bkius ES bei galimus j\u0173 sprendimo b\u016bdus. Vaizdo \u012fra\u0161e did\u017eiausias d\u0117mesys skiriamas \u017daliojo kurso temai bei art\u0117jan\u010diai konferencijai d\u0117l Europos ateities, kuri vyks visoje ES.<\/p>\n<p>Vaizdo \u012fra\u0161\u0105 rasite \u010dia:\u00a0<a href=\"https:\/\/mokytojotv.emokykla.lt\/2021\/02\/lr-uzsienio-reikalu-ministerija-kaip.html\">https:\/\/mokytojotv.emokykla.lt\/2021\/02\/lr-uzsienio-reikalu-ministerija-kaip.html<\/a>.<\/p>\n","protected":false},"excerpt":{"rendered":"<p>Projekto \u201eAtgal \u012f mokykl\u0105\u201c organizatoriai d\u0117l COVID-19 pandemijos \u0161iais metais vietoje tradicini\u0173 susitikim\u0173 mokyklose ir diskusij\u0173 apie Lietuvos naryst\u0119 Europos S\u0105jungoje pareng\u0117 tris vaizdo \u012fra\u0161us, kuriuose savo patirtimi, \u017einiomis, id\u0117jomis ir aktualijomis dalijasi Lietuvos diplomatai, jaunimo organizacij\u0173 atstovai bei \u017eym\u016bs&nbsp;<a href=\"https:\/\/www.nsa.smsm.lt\/old\/2021\/02\/18\/diskusijoms-apie-lietuvos-naryste-europos-sajungoje-vaizdo-medziaga\/\" class=\"placiau\">Pla\u010diau <i class=\"fa fa-caret-right\"><\/i><\/a><\/p>\n","protected":false},"author":5,"featured_media":0,"comment_status":"open","ping_status":"open","sticky":false,"template":"","format":"standard","meta":{"_acf_changed":false,"footnotes":""},"categories":[1],"tags":[],"class_list":["post-18744","post","type-post","status-publish","format-standard","hentry","category-nacionalines-svietimo-agenturos-naujienos"],"acf":[],"_links":{"self":[{"href":"https:\/\/www.nsa.smsm.lt\/old\/wp-json\/wp\/v2\/posts\/18744","targetHints":{"allow":["GET"]}}],"collection":[{"href":"https:\/\/www.nsa.smsm.lt\/old\/wp-json\/wp\/v2\/posts"}],"about":[{"href":"https:\/\/www.nsa.smsm.lt\/old\/wp-json\/wp\/v2\/types\/post"}],"author":[{"embeddable":true,"href":"https:\/\/www.nsa.smsm.lt\/old\/wp-json\/wp\/v2\/users\/5"}],"replies":[{"embeddable":true,"href":"https:\/\/www.nsa.smsm.lt\/old\/wp-json\/wp\/v2\/comments?post=18744"}],"version-history":[{"count":0,"href":"https:\/\/www.nsa.smsm.lt\/old\/wp-json\/wp\/v2\/posts\/18744\/revisions"}],"wp:attachment":[{"href":"https:\/\/www.nsa.smsm.lt\/old\/wp-json\/wp\/v2\/media?parent=18744"}],"wp:term":[{"taxonomy":"category","embeddable":true,"href":"https:\/\/www.nsa.smsm.lt\/old\/wp-json\/wp\/v2\/categories?post=18744"},{"taxonomy":"post_tag","embeddable":true,"href":"https:\/\/www.nsa.smsm.lt\/old\/wp-json\/wp\/v2\/tags?post=18744"}],"curies":[{"name":"wp","href":"https:\/\/api.w.org\/{rel}","templated":true}]}}