{"id":18637,"date":"2021-02-12T11:30:04","date_gmt":"2021-02-12T09:30:04","guid":{"rendered":"https:\/\/www.nsa.smsm.lt\/old\/?p=18637"},"modified":"2021-02-12T11:36:51","modified_gmt":"2021-02-12T09:36:51","slug":"tarptautine-paskaita-dirbtinis-intelektas-mokantis-uzsienio-kalbu-galimybes-ir-ribos","status":"publish","type":"post","link":"https:\/\/www.nsa.smsm.lt\/old\/2021\/02\/12\/tarptautine-paskaita-dirbtinis-intelektas-mokantis-uzsienio-kalbu-galimybes-ir-ribos\/","title":{"rendered":"Tarptautin\u0117 paskaita \u201eDirbtinis intelektas mokantis u\u017esienio kalb\u0173: galimyb\u0117s ir ribos\u201c"},"content":{"rendered":"<p>\u0160vietimo, mokslo ir sporto ministerija, bendradarbiaudama su Goethe&#8217;s institutu, vasario 23 d. 17 val. kvie\u010dia kalb\u0173 mokytojus ir vis\u0105 \u0161vietimo bendruomen\u0119 \u012f tarptautin\u0119 paskait\u0105 \u201eDirbtinis intelektas mokantis u\u017esienio kalb\u0173: galimyb\u0117s ir ribos\u201c, kuri\u0105 skaitys dr. Thomas Strasser i\u0161 Vienos pedagogikos auk\u0161tosios mokyklos.<\/p>\n<p>Daugiau skaitykite \u010dia: <a href=\"https:\/\/www.goethe.de\/ins\/lt\/lt\/ver.cfm?fuseaction=events.detail&amp;event_id=22108726\">https:\/\/www.goethe.de\/ins\/lt\/lt\/ver.cfm?fuseaction=events.detail&amp;event_id=22108726<\/a>\u00a0.<\/p>\n<p>Numatytas vertimas \u012f lietuvi\u0173 kalb\u0105. B\u016btina i\u0161ankstin\u0117 registracija.<\/p>\n","protected":false},"excerpt":{"rendered":"<p>\u0160vietimo, mokslo ir sporto ministerija, bendradarbiaudama su Goethe&#8217;s institutu, vasario 23 d. 17 val. kvie\u010dia kalb\u0173 mokytojus ir vis\u0105 \u0161vietimo bendruomen\u0119 \u012f tarptautin\u0119 paskait\u0105 \u201eDirbtinis intelektas mokantis u\u017esienio kalb\u0173: galimyb\u0117s ir ribos\u201c, kuri\u0105 skaitys dr. Thomas Strasser i\u0161 Vienos pedagogikos&nbsp;<a href=\"https:\/\/www.nsa.smsm.lt\/old\/2021\/02\/12\/tarptautine-paskaita-dirbtinis-intelektas-mokantis-uzsienio-kalbu-galimybes-ir-ribos\/\" class=\"placiau\">Pla\u010diau <i class=\"fa fa-caret-right\"><\/i><\/a><\/p>\n","protected":false},"author":5,"featured_media":0,"comment_status":"open","ping_status":"open","sticky":false,"template":"","format":"standard","meta":{"_acf_changed":false,"footnotes":""},"categories":[1],"tags":[],"class_list":["post-18637","post","type-post","status-publish","format-standard","hentry","category-nacionalines-svietimo-agenturos-naujienos"],"acf":[],"_links":{"self":[{"href":"https:\/\/www.nsa.smsm.lt\/old\/wp-json\/wp\/v2\/posts\/18637","targetHints":{"allow":["GET"]}}],"collection":[{"href":"https:\/\/www.nsa.smsm.lt\/old\/wp-json\/wp\/v2\/posts"}],"about":[{"href":"https:\/\/www.nsa.smsm.lt\/old\/wp-json\/wp\/v2\/types\/post"}],"author":[{"embeddable":true,"href":"https:\/\/www.nsa.smsm.lt\/old\/wp-json\/wp\/v2\/users\/5"}],"replies":[{"embeddable":true,"href":"https:\/\/www.nsa.smsm.lt\/old\/wp-json\/wp\/v2\/comments?post=18637"}],"version-history":[{"count":0,"href":"https:\/\/www.nsa.smsm.lt\/old\/wp-json\/wp\/v2\/posts\/18637\/revisions"}],"wp:attachment":[{"href":"https:\/\/www.nsa.smsm.lt\/old\/wp-json\/wp\/v2\/media?parent=18637"}],"wp:term":[{"taxonomy":"category","embeddable":true,"href":"https:\/\/www.nsa.smsm.lt\/old\/wp-json\/wp\/v2\/categories?post=18637"},{"taxonomy":"post_tag","embeddable":true,"href":"https:\/\/www.nsa.smsm.lt\/old\/wp-json\/wp\/v2\/tags?post=18637"}],"curies":[{"name":"wp","href":"https:\/\/api.w.org\/{rel}","templated":true}]}}