{"id":18602,"date":"2021-02-11T16:01:18","date_gmt":"2021-02-11T14:01:18","guid":{"rendered":"https:\/\/www.nsa.smsm.lt\/old\/?p=18602"},"modified":"2021-02-11T16:01:18","modified_gmt":"2021-02-11T14:01:18","slug":"vyks-nacionaline-galimybiu-diena-ir-antreprenerystes-festivalis","status":"publish","type":"post","link":"https:\/\/www.nsa.smsm.lt\/old\/2021\/02\/11\/vyks-nacionaline-galimybiu-diena-ir-antreprenerystes-festivalis\/","title":{"rendered":"Vyks nacionalin\u0117 galimybi\u0173 diena ir  antrepreneryst\u0117s festivalis"},"content":{"rendered":"<p>Vasario 18 d. \u201eLietuvos Junior Achievement\u201c kvie\u010dia \u0161vietimo bendruomen\u0119 \u2013 mokykl\u0173 vadovus, administracij\u0105, visus mokytojus ir mokinius \u2013 dalyvauti\u00a0Nacionalin\u0117je galimybi\u0173 dienoje \u2013 antrepreneryst\u0117s festivalyje.<\/p>\n<p>\u0160vietimo bendruomenei organizatoriai \u017eada atskleisti gaiv\u0173, ambicing\u0105 ir nestandartin\u012f b\u016bd\u0105 pa\u017evelgti \u012f ugdym\u0105. Festivalio prane\u0161\u0117jai kalb\u0117s, kaip pasteb\u0117ti ir kurti galimybes, kaip dideli\u0173 i\u0161\u0161\u016bki\u0173 akivaizdoje k\u016brybi\u0161kai pa\u017evelgti \u012f situacij\u0105, atrasti naujas id\u0117jas ir pasi\u016blyti pokyt\u012f kurian\u010dius sprendimus.<\/p>\n<p>Antrepreneryst\u0117s festivalyje taip pat dalyvaus:<\/p>\n<ul>\n<li>Ingrida \u0160imonyt\u0117, \u0161alies Ministr\u0117 Pirminink\u0117, kuri pasidalins savo \u012f\u017evalgomis apie pandemijos ekonomik\u0105,<\/li>\n<li>Kristina Dry\u017ea, viena \u012ftakingiausi\u0173 pasaulio futurologi\u0173 ir verslo konsultan\u010di\u0173, antropolog\u0117, ra\u0161ytoja,<\/li>\n<li>Alfredas Bumblauskas, istorikas, kuris atskleis novatori\u0161ko verslumo keli\u0105 istorijoje,<\/li>\n<li>Danielius Stasiulis, inovatyvios internetinio mokymosi platformos \u201eBitDegree\u201c bendra\u012fk\u016br\u0117jas,<\/li>\n<li>Paul De Miko, socialini\u0173 tinkl\u0173 \u017evaig\u017ed\u0117, turinio k\u016br\u0117jas \u201eYouTube\u201c,<\/li>\n<li>Simona Cymbaliukait\u0117, moksleiv\u0117, turinio apie ekologij\u0105, veganizm\u0105, tvari\u0105 mad\u0105, verslum\u0105, produktyvum\u0105 k\u016br\u0117ja \u201eInstagram\u201c ir \u201eYouTube\u201c, kavos ir kulinarijos entuziast\u0117,<\/li>\n<li>Mantas Mikuckas, pirmojo lietuvi\u0161ko \u201evienaragio\u201c \u201eVinted\u201c bendra\u012fk\u016br\u0117jas ir vykdantysis direktorius, atskleisiantis atsakingo verslo po\u017ei\u016br\u012f,<\/li>\n<li>Dalia Ibelhauptait\u0117, teatro ir operos re\u017eisier\u0117, prodiuser\u0117,<\/li>\n<li>Ernestas Kalabuckas, pirmosios lietuvi\u0161kos kosmoso technologij\u0173 \u012fmon\u0117s \u201eNanoAvionics\u201c technologij\u0173 vadovas.<\/li>\n<\/ul>\n<p>Festivalio tiesiogin\u0119 transliacij\u0105 bus galima steb\u0117ti Delfi TV ir Lietuvos Junior Achievement \u201eYouTube\u201c kanale, instagrame @jauniejiantrepreneriai.<\/p>\n<p>Bus i\u0161duodami pa\u017eym\u0117jimai, tod\u0117l renginio dalyviams, norintiems gauti pa\u017eym\u0117jimus (ir priminim\u0105 apie rengin\u012f) b\u016btina registracija <a href=\"https:\/\/forms.gle\/qKbMWwEHdyWZ6osC7\">https:\/\/forms.gle\/qKbMWwEHdyWZ6osC7<\/a><\/p>\n<p>Taip pat \u201eLietuvos Junior Achievement\u201c visoms Lietuvos gimnazijoms, progimnazijoms ir pagrindin\u0117ms mokykloms dovanoja knyg\u0105 \u201eAntreprenerio po\u017ei\u016bris\u201c. Pla\u010diau apie knyg\u0105:\u00a0<a href=\"https:\/\/lja.lt\/poziuris\/\">https:\/\/lja.lt\/poziuris\/<\/a><\/p>\n","protected":false},"excerpt":{"rendered":"<p>Vasario 18 d. \u201eLietuvos Junior Achievement\u201c kvie\u010dia \u0161vietimo bendruomen\u0119 \u2013 mokykl\u0173 vadovus, administracij\u0105, visus mokytojus ir mokinius \u2013 dalyvauti\u00a0Nacionalin\u0117je galimybi\u0173 dienoje \u2013 antrepreneryst\u0117s festivalyje. \u0160vietimo bendruomenei organizatoriai \u017eada atskleisti gaiv\u0173, ambicing\u0105 ir nestandartin\u012f b\u016bd\u0105 pa\u017evelgti \u012f ugdym\u0105. Festivalio prane\u0161\u0117jai kalb\u0117s,&nbsp;<a href=\"https:\/\/www.nsa.smsm.lt\/old\/2021\/02\/11\/vyks-nacionaline-galimybiu-diena-ir-antreprenerystes-festivalis\/\" class=\"placiau\">Pla\u010diau <i class=\"fa fa-caret-right\"><\/i><\/a><\/p>\n","protected":false},"author":5,"featured_media":0,"comment_status":"open","ping_status":"open","sticky":false,"template":"","format":"standard","meta":{"_acf_changed":false,"footnotes":""},"categories":[1],"tags":[],"class_list":["post-18602","post","type-post","status-publish","format-standard","hentry","category-nacionalines-svietimo-agenturos-naujienos"],"acf":[],"_links":{"self":[{"href":"https:\/\/www.nsa.smsm.lt\/old\/wp-json\/wp\/v2\/posts\/18602","targetHints":{"allow":["GET"]}}],"collection":[{"href":"https:\/\/www.nsa.smsm.lt\/old\/wp-json\/wp\/v2\/posts"}],"about":[{"href":"https:\/\/www.nsa.smsm.lt\/old\/wp-json\/wp\/v2\/types\/post"}],"author":[{"embeddable":true,"href":"https:\/\/www.nsa.smsm.lt\/old\/wp-json\/wp\/v2\/users\/5"}],"replies":[{"embeddable":true,"href":"https:\/\/www.nsa.smsm.lt\/old\/wp-json\/wp\/v2\/comments?post=18602"}],"version-history":[{"count":0,"href":"https:\/\/www.nsa.smsm.lt\/old\/wp-json\/wp\/v2\/posts\/18602\/revisions"}],"wp:attachment":[{"href":"https:\/\/www.nsa.smsm.lt\/old\/wp-json\/wp\/v2\/media?parent=18602"}],"wp:term":[{"taxonomy":"category","embeddable":true,"href":"https:\/\/www.nsa.smsm.lt\/old\/wp-json\/wp\/v2\/categories?post=18602"},{"taxonomy":"post_tag","embeddable":true,"href":"https:\/\/www.nsa.smsm.lt\/old\/wp-json\/wp\/v2\/tags?post=18602"}],"curies":[{"name":"wp","href":"https:\/\/api.w.org\/{rel}","templated":true}]}}